











{"id":5055,"date":"2019-05-11T16:24:45","date_gmt":"2019-05-11T15:24:45","guid":{"rendered":"http:\/\/www.peoplesphere.be\/nl\/?p=5055"},"modified":"2019-05-11T16:24:45","modified_gmt":"2019-05-11T15:24:45","slug":"sociale-verkiezingen-2020-to-dos-ivm-nieuwigheden-uitzendkrachten","status":"publish","type":"post","link":"https:\/\/peoplesphere.be\/nl\/sociale-verkiezingen-2020-to-dos-ivm-nieuwigheden-uitzendkrachten\/","title":{"rendered":"Sociale Verkiezingen 2020: to do&#8217;s ivm nieuwigheden over uitzendkrachten."},"content":{"rendered":"<p>De sociale verkiezingen gaan volgend jaar door tussen 11 en 24 mei 2020.\u00a0Er zijn twee belangrijke nieuwigheden over uitzendkrachten die een belangrijke impact kunnen hebben op de organisatie van deze verkiezingen.<!--more--><\/p>\n<p>Uitzendkrachten tellen mee voor de berekening gewoonlijk gemiddelde tewerkstelling.\u00a0De gewoonlijk gemiddelde tewerkstelling bepaalt of uw onderneming sociale verkiezingen moet organiseren voor het CPBW (drempel: 50 werknemers) en\/of de OR (drempel: 100 werknemers). In die berekening moeten niet alleen de vaste werknemers worden meegeteld, maar ook de uitzendkrachten die u als gebruiker tewerkstelt. Enkel de uitzendkrachten voor uitzonderlijk werk en tijdelijke vermeerdering van het werk moeten worden meegeteld, niet zij die een vaste werknemer vervangen. In dat laatste geval zou er immers een dubbele telling zijn.<\/p>\n<p>Zoals tijdens de vorige verkiezingen, moet elke gebruiker van uitzendkrachten tijdens een bepaalde referteperiode een specifiek register van uitzendkrachten bijhouden, zelfs wanneer de gebruiker geen sociale verkiezingen moet organiseren. Het gemiddelde van de uitzendkrachten wordt berekend door het aantal kalenderdagen waarop een uitzendkracht is ingeschreven in het register tijdens de referteperiode te delen door 92. Werkt de uitzendkracht in een arbeidsregime dat minder dan 3\/4 van een voltijds uurrooster bedraagt, dan telt zijn tewerkstelling maar voor de helft mee.\u00a0Al deze regels zijn dezelfde gebleven als tijdens de vorige verkiezingen.<\/p>\n<p>Wat wel gewijzigd is, is de referteperiode tijdens dewelke de berekening moet gebeuren. De referteperiode is het huidige kwartaal, namelijk de periode tussen 1 april en 30 juni 2019. Bij de vorige verkiezingen was dat het vierde kwartaal van het jaar voorafgaand aan de sociale verkiezingen.<\/p>\n<p>Er is \u00e9\u00e9n uitzondering op het verplicht bijhouden van het register. Als de OR v\u00f3\u00f3r 30 mei 2019 bij unanieme verklaring in de notulen vaststelt dat de drempel van 100 werknemers in de onderneming is overschreden, dan moet de onderneming geen register voor uitzendkrachten bijhouden.<\/p>\n<p><em><strong>To do:\u00a0<\/strong><\/em>Volg de tewerkstelling van uw uitzendkrachten op tussen 1 april en 30 juni 2019 en pas, indien mogelijk, uw aanwervingsbeleid aan, in het geval u de drempel van 50\/100 werknemers nadert.\u00a0Stelt de onderneming meer dan 100 werknemers tewerk, zorg er dan voor dat de OR dit tijdig (v\u00f3\u00f3r 30 mei 2019) bevestigt en notuleert in het pv van de volgende vergadering. Zo vermijdt u het bijhouden van het specifieke register van uitzendkrachten.<\/p>\n<p><em><strong>Uitzendkrachten hebben (onder bepaalde voorwaarden) stemrecht<\/strong><\/em><\/p>\n<p>De grootste nieuwigheid is dat uitzendkrachten kunnen stemmen bij de gebruiker, als zij aan bepaalde cumulatieve voorwaarden voldoen:<\/p>\n<p>De uitzendkracht moet in een eerste referteperiode (tussen 1ste dag van 6de kalendermaand voorafgaand aan dag X en dag X) minstens drie maanden ononderbroken of in totaal 65 werkdagen in deze periode van 6 maand tewerkgesteld zijn bij de gebruiker; en<br \/>\nDe uitzendkracht moet in een tweede referteperiode (tussen dag X en dag Y-13) minstens 26 werkdagen tewerkgesteld zijn bij de gebruiker.<br \/>\nStel dat een onderneming dus sociale verkiezingen organiseert op 11 mei 2020, dan begint de eerste referteperiode op 1 augustus 2019 en eindigt op 11 februari 2020 en de tweede referteperiode start op 11 februari 2020 en eindigt op 28 april 2020.<\/p>\n<p>De uitzendkrachten hebben stemrecht, ongeacht of ze op de datum van de verkiezingen nog tewerkgesteld zijn bij de gebruiker.\u00a0Tot slot kunnen uitzendkrachten zich nog steeds geen kandidaat stellen bij de gebruiker.<\/p>\n<p><em><strong>To do:\u00a0<\/strong><\/em>Vanaf augustus 2019 houdt u tijdens de referteperiodes best bij hoelang bepaalde uitzendkrachten bij u werken. Dat is belangrijk om de kieslijsten correct samen te stellen. Houd daarbij rekening met het feit dat aangezien de uitzendkracht moet voldoen aan twee tewerkstellingsvoorwaarden, hij geen stemrecht zal hebben van zodra hij niet voldoet aan een van de twee voorwaarden.<\/p>\n<p><em>Bron: Lydian<\/em><\/p>\n","protected":false},"excerpt":{"rendered":"<p>De sociale verkiezingen gaan volgend jaar door tussen 11 en 24 mei 2020.\u00a0Er zijn twee belangrijke nieuwigheden over uitzendkrachten die een belangrijke impact kunnen hebben op de organisatie van deze verkiezingen.<\/p>\n","protected":false},"author":3,"featured_media":0,"comment_status":"open","ping_status":"open","sticky":false,"template":"","format":"standard","meta":[],"categories":[1],"tags":[1764,343,1763],"yoast_head":"<!-- This site is optimized with the Yoast SEO plugin v20.12 - https:\/\/yoast.com\/wordpress\/plugins\/seo\/ -->\n<title>Sociale Verkiezingen 2020: to do&#039;s ivm nieuwigheden over uitzendkrachten. - Peoplesphere<\/title>\n<meta name=\"robots\" content=\"index, follow, max-snippet:-1, max-image-preview:large, max-video-preview:-1\" \/>\n<link rel=\"canonical\" href=\"https:\/\/peoplesphere.be\/nl\/sociale-verkiezingen-2020-to-dos-ivm-nieuwigheden-uitzendkrachten\/\" \/>\n<meta property=\"og:locale\" content=\"nl_NL\" \/>\n<meta property=\"og:type\" content=\"article\" \/>\n<meta property=\"og:title\" content=\"Sociale Verkiezingen 2020: to do&#039;s ivm nieuwigheden over uitzendkrachten. - Peoplesphere\" \/>\n<meta property=\"og:description\" content=\"De sociale verkiezingen gaan volgend jaar door tussen 11 en 24 mei 2020.\u00a0Er zijn twee belangrijke nieuwigheden over uitzendkrachten die een belangrijke impact kunnen hebben op de organisatie van deze verkiezingen.\" \/>\n<meta property=\"og:url\" content=\"https:\/\/peoplesphere.be\/nl\/sociale-verkiezingen-2020-to-dos-ivm-nieuwigheden-uitzendkrachten\/\" \/>\n<meta property=\"og:site_name\" content=\"Peoplesphere\" \/>\n<meta property=\"article:publisher\" content=\"https:\/\/www.facebook.com\/peoplesphere\" \/>\n<meta property=\"article:published_time\" content=\"2019-05-11T15:24:45+00:00\" \/>\n<meta property=\"og:image\" content=\"http:\/\/www.peoplesphere.be\/nl\/wp-content\/uploads\/2016\/07\/facebook-default-posting-1200x628px.jpg\" \/>\n<meta name=\"author\" content=\"Jean-Paul Erhard\" \/>\n<meta name=\"twitter:card\" content=\"summary_large_image\" \/>\n<meta name=\"twitter:creator\" content=\"@PeoplesphereMag\" \/>\n<meta name=\"twitter:site\" content=\"@PeoplesphereMag\" \/>\n<meta name=\"twitter:label1\" content=\"Geschreven door\" \/>\n\t<meta name=\"twitter:data1\" content=\"Jean-Paul Erhard\" \/>\n\t<meta name=\"twitter:label2\" content=\"Geschatte leestijd\" \/>\n\t<meta name=\"twitter:data2\" content=\"3 minuten\" \/>\n<script type=\"application\/ld+json\" class=\"yoast-schema-graph\">{\"@context\":\"https:\/\/schema.org\",\"@graph\":[{\"@type\":\"WebPage\",\"@id\":\"https:\/\/peoplesphere.be\/nl\/sociale-verkiezingen-2020-to-dos-ivm-nieuwigheden-uitzendkrachten\/\",\"url\":\"https:\/\/peoplesphere.be\/nl\/sociale-verkiezingen-2020-to-dos-ivm-nieuwigheden-uitzendkrachten\/\",\"name\":\"Sociale Verkiezingen 2020: to do's ivm nieuwigheden over uitzendkrachten. - Peoplesphere\",\"isPartOf\":{\"@id\":\"https:\/\/peoplesphere.be\/nl\/#website\"},\"datePublished\":\"2019-05-11T15:24:45+00:00\",\"dateModified\":\"2019-05-11T15:24:45+00:00\",\"author\":{\"@id\":\"https:\/\/peoplesphere.be\/nl\/#\/schema\/person\/0a1c21d8893dd9b9a2cd6e068b4e8cf5\"},\"breadcrumb\":{\"@id\":\"https:\/\/peoplesphere.be\/nl\/sociale-verkiezingen-2020-to-dos-ivm-nieuwigheden-uitzendkrachten\/#breadcrumb\"},\"inLanguage\":\"nl-NL\",\"potentialAction\":[{\"@type\":\"ReadAction\",\"target\":[\"https:\/\/peoplesphere.be\/nl\/sociale-verkiezingen-2020-to-dos-ivm-nieuwigheden-uitzendkrachten\/\"]}]},{\"@type\":\"BreadcrumbList\",\"@id\":\"https:\/\/peoplesphere.be\/nl\/sociale-verkiezingen-2020-to-dos-ivm-nieuwigheden-uitzendkrachten\/#breadcrumb\",\"itemListElement\":[{\"@type\":\"ListItem\",\"position\":1,\"name\":\"Accueil\",\"item\":\"https:\/\/peoplesphere.be\/nl\/\"},{\"@type\":\"ListItem\",\"position\":2,\"name\":\"Sociale Verkiezingen 2020: to do&#8217;s ivm nieuwigheden over uitzendkrachten.\"}]},{\"@type\":\"WebSite\",\"@id\":\"https:\/\/peoplesphere.be\/nl\/#website\",\"url\":\"https:\/\/peoplesphere.be\/nl\/\",\"name\":\"Peoplesphere\",\"description\":\"The People Managers Magazine\",\"potentialAction\":[{\"@type\":\"SearchAction\",\"target\":{\"@type\":\"EntryPoint\",\"urlTemplate\":\"https:\/\/peoplesphere.be\/nl\/?s={search_term_string}\"},\"query-input\":\"required name=search_term_string\"}],\"inLanguage\":\"nl-NL\"},{\"@type\":\"Person\",\"@id\":\"https:\/\/peoplesphere.be\/nl\/#\/schema\/person\/0a1c21d8893dd9b9a2cd6e068b4e8cf5\",\"name\":\"Jean-Paul Erhard\",\"image\":{\"@type\":\"ImageObject\",\"inLanguage\":\"nl-NL\",\"@id\":\"https:\/\/peoplesphere.be\/nl\/#\/schema\/person\/image\/\",\"url\":\"https:\/\/secure.gravatar.com\/avatar\/f941e681460179738071629a51574930?s=96&d=mm&r=g\",\"contentUrl\":\"https:\/\/secure.gravatar.com\/avatar\/f941e681460179738071629a51574930?s=96&d=mm&r=g\",\"caption\":\"Jean-Paul Erhard\"},\"url\":\"https:\/\/peoplesphere.be\/nl\/author\/jpe\/\"}]}<\/script>\n<!-- \/ Yoast SEO plugin. -->","yoast_head_json":{"title":"Sociale Verkiezingen 2020: to do's ivm nieuwigheden over uitzendkrachten. - Peoplesphere","robots":{"index":"index","follow":"follow","max-snippet":"max-snippet:-1","max-image-preview":"max-image-preview:large","max-video-preview":"max-video-preview:-1"},"canonical":"https:\/\/peoplesphere.be\/nl\/sociale-verkiezingen-2020-to-dos-ivm-nieuwigheden-uitzendkrachten\/","og_locale":"nl_NL","og_type":"article","og_title":"Sociale Verkiezingen 2020: to do's ivm nieuwigheden over uitzendkrachten. - Peoplesphere","og_description":"De sociale verkiezingen gaan volgend jaar door tussen 11 en 24 mei 2020.\u00a0Er zijn twee belangrijke nieuwigheden over uitzendkrachten die een belangrijke impact kunnen hebben op de organisatie van deze verkiezingen.","og_url":"https:\/\/peoplesphere.be\/nl\/sociale-verkiezingen-2020-to-dos-ivm-nieuwigheden-uitzendkrachten\/","og_site_name":"Peoplesphere","article_publisher":"https:\/\/www.facebook.com\/peoplesphere","article_published_time":"2019-05-11T15:24:45+00:00","og_image":[{"url":"http:\/\/www.peoplesphere.be\/nl\/wp-content\/uploads\/2016\/07\/facebook-default-posting-1200x628px.jpg"}],"author":"Jean-Paul Erhard","twitter_card":"summary_large_image","twitter_creator":"@PeoplesphereMag","twitter_site":"@PeoplesphereMag","twitter_misc":{"Geschreven door":"Jean-Paul Erhard","Geschatte leestijd":"3 minuten"},"schema":{"@context":"https:\/\/schema.org","@graph":[{"@type":"WebPage","@id":"https:\/\/peoplesphere.be\/nl\/sociale-verkiezingen-2020-to-dos-ivm-nieuwigheden-uitzendkrachten\/","url":"https:\/\/peoplesphere.be\/nl\/sociale-verkiezingen-2020-to-dos-ivm-nieuwigheden-uitzendkrachten\/","name":"Sociale Verkiezingen 2020: to do's ivm nieuwigheden over uitzendkrachten. - Peoplesphere","isPartOf":{"@id":"https:\/\/peoplesphere.be\/nl\/#website"},"datePublished":"2019-05-11T15:24:45+00:00","dateModified":"2019-05-11T15:24:45+00:00","author":{"@id":"https:\/\/peoplesphere.be\/nl\/#\/schema\/person\/0a1c21d8893dd9b9a2cd6e068b4e8cf5"},"breadcrumb":{"@id":"https:\/\/peoplesphere.be\/nl\/sociale-verkiezingen-2020-to-dos-ivm-nieuwigheden-uitzendkrachten\/#breadcrumb"},"inLanguage":"nl-NL","potentialAction":[{"@type":"ReadAction","target":["https:\/\/peoplesphere.be\/nl\/sociale-verkiezingen-2020-to-dos-ivm-nieuwigheden-uitzendkrachten\/"]}]},{"@type":"BreadcrumbList","@id":"https:\/\/peoplesphere.be\/nl\/sociale-verkiezingen-2020-to-dos-ivm-nieuwigheden-uitzendkrachten\/#breadcrumb","itemListElement":[{"@type":"ListItem","position":1,"name":"Accueil","item":"https:\/\/peoplesphere.be\/nl\/"},{"@type":"ListItem","position":2,"name":"Sociale Verkiezingen 2020: to do&#8217;s ivm nieuwigheden over uitzendkrachten."}]},{"@type":"WebSite","@id":"https:\/\/peoplesphere.be\/nl\/#website","url":"https:\/\/peoplesphere.be\/nl\/","name":"Peoplesphere","description":"The People Managers Magazine","potentialAction":[{"@type":"SearchAction","target":{"@type":"EntryPoint","urlTemplate":"https:\/\/peoplesphere.be\/nl\/?s={search_term_string}"},"query-input":"required name=search_term_string"}],"inLanguage":"nl-NL"},{"@type":"Person","@id":"https:\/\/peoplesphere.be\/nl\/#\/schema\/person\/0a1c21d8893dd9b9a2cd6e068b4e8cf5","name":"Jean-Paul Erhard","image":{"@type":"ImageObject","inLanguage":"nl-NL","@id":"https:\/\/peoplesphere.be\/nl\/#\/schema\/person\/image\/","url":"https:\/\/secure.gravatar.com\/avatar\/f941e681460179738071629a51574930?s=96&d=mm&r=g","contentUrl":"https:\/\/secure.gravatar.com\/avatar\/f941e681460179738071629a51574930?s=96&d=mm&r=g","caption":"Jean-Paul Erhard"},"url":"https:\/\/peoplesphere.be\/nl\/author\/jpe\/"}]}},"_links":{"self":[{"href":"https:\/\/peoplesphere.be\/nl\/wp-json\/wp\/v2\/posts\/5055"}],"collection":[{"href":"https:\/\/peoplesphere.be\/nl\/wp-json\/wp\/v2\/posts"}],"about":[{"href":"https:\/\/peoplesphere.be\/nl\/wp-json\/wp\/v2\/types\/post"}],"author":[{"embeddable":true,"href":"https:\/\/peoplesphere.be\/nl\/wp-json\/wp\/v2\/users\/3"}],"replies":[{"embeddable":true,"href":"https:\/\/peoplesphere.be\/nl\/wp-json\/wp\/v2\/comments?post=5055"}],"version-history":[{"count":1,"href":"https:\/\/peoplesphere.be\/nl\/wp-json\/wp\/v2\/posts\/5055\/revisions"}],"predecessor-version":[{"id":5056,"href":"https:\/\/peoplesphere.be\/nl\/wp-json\/wp\/v2\/posts\/5055\/revisions\/5056"}],"wp:attachment":[{"href":"https:\/\/peoplesphere.be\/nl\/wp-json\/wp\/v2\/media?parent=5055"}],"wp:term":[{"taxonomy":"category","embeddable":true,"href":"https:\/\/peoplesphere.be\/nl\/wp-json\/wp\/v2\/categories?post=5055"},{"taxonomy":"post_tag","embeddable":true,"href":"https:\/\/peoplesphere.be\/nl\/wp-json\/wp\/v2\/tags?post=5055"}],"curies":[{"name":"wp","href":"https:\/\/api.w.org\/{rel}","templated":true}]}}