











{"id":5294,"date":"2019-07-12T07:08:26","date_gmt":"2019-07-12T06:08:26","guid":{"rendered":"http:\/\/www.peoplesphere.be\/nl\/?p=5294"},"modified":"2019-07-12T07:08:26","modified_gmt":"2019-07-12T06:08:26","slug":"buitenlandse-tewerkstelling-belgie-op-vier-jaar-tijd-bijna-verviervoudigd","status":"publish","type":"post","link":"https:\/\/peoplesphere.be\/nl\/buitenlandse-tewerkstelling-belgie-op-vier-jaar-tijd-bijna-verviervoudigd\/","title":{"rendered":"Buitenlandse tewerkstelling in Belgi\u00eb op vier jaar tijd bijna verviervoudigd."},"content":{"rendered":"<p>Op vier jaar ziet SD Worx het aantal werknemers die internationaal tewerkgesteld zijn in Belgi\u00eb bijna verdubbelen. Belgen -die in \u00e9\u00e9n of meerdere landen werken- maken iets meer dan de helft uit; het aandeel buitenlandse nationaliteiten stijgt sterker. De tewerkstelling van buitenlandse nationaliteiten in Belgi\u00eb verviervoudigde zelfs. De top drie van buitenlandse nationaliteiten die in 2018 in Belgi\u00eb werkten bestaat momenteel uit Fransen, Nederlanders en Indi\u00ebrs. Daarmee vallen de Britten voor het eerst uit de top drie.<!--more--><\/p>\n<p>Het aantal werknemers met een internationaal profiel neemt toe. De buitenlandse werknemers die in Belgi\u00eb of in meerdere landen (waaronder Belgi\u00eb) werken, stijgt de laatste jaren sneller dan de Belgische werknemers die in \u00e9\u00e9n of meerdere landen buiten Belgi\u00eb werken. Daarom bekijken we deze groep buitenlandse werknemers meer in detail. Het gemiddeld aantal werknemers met buitenlandse nationaliteit dat in Belgi\u00eb actief is per bedrijf neemt ook toe, van 4,8 in 2014 per bedrijf tot 7,1 in 2018.<br \/>\nHet merendeel (meer dan 85%) is werkzaam als bediende. De dertigers en veertigers zijn het best vertegenwoordigd in de categorie werknemers in Belgi\u00eb met buitenlandse nationaliteit.<\/p>\n<p><strong><em>Fransen, Nederlanders en Indi\u00ebrs in top drie. Britten voor het eerst uit de top drie<\/em><\/strong><\/p>\n<p>De buitenlandse werknemers die voor Belgische werkgevers werken komen vooral uit onze buurlanden: de Fransen staan op nummer een, gevolgd door de Nederlanders. In 2018 verdwijnen de Britten voor het eerst uit de top drie. Het aandeel van de Franse werknemers is in vier jaar sterk toegenomen in vergelijking met bijvoorbeeld de Britten. Al nemen nationaliteiten zoals Polen en Duitsers de laatste vijf jaar nog sneller toe (maal vier) en spannen de Indi\u00ebrs wel de kroon qua groeitempo (nl. x vijftien).<br \/>\nMeer dan driekwart (76%) zijn Europeanen; 11% komt uit Azi\u00eb. Hieronder vindt u de top 10 van buitenlandse nationaliteiten actief in Belgi\u00eb. Deze top 10 is samen goed voor driekwart (76%) van de buitenlandse tewerkstelling in Belgi\u00eb in 2018.<\/p>\n<p>\ufffc\ufffcWat de buitenlandse nationaliteiten betreft, neemt het aantal \u2018expats\u2019 toe. Dat zijn buitenlandse kaderleden die tijdelijk tewerkgesteld worden in Belgi\u00eb en genieten van het bijzonder fiscaal statuut. Deze groep stijgt verhoudingsgewijs sneller dan het aantal werknemers die werken in het kader van een \u2018salary-split\u2019 (gelijktijdige tewerkstelling in meerdere landen) en \u2018detachering\u2019 (tijdelijke tewerkstelling in andere staat). In 2018 was 73% van de buitenlandse nationaliteiten bij Belgische werkgevers tewerkgesteld als expat.<\/p>\n<p>Greet Joos, Manager International Employment van SD Worx Belgi\u00eb, ziet volgende duidelijke trend: <em>\u201cHet aantal werknemers dat in Belgi\u00eb internationaal is tewerkgesteld, blijft stijgen. In 2018 zijn de meeste buitenlandse nationaliteiten in ons land (73%) tewerkgesteld als expat waarvoor het bijzonder fiscaal statuut van buitenlands kaderlid wordt toegepast. Als een werknemer tijdelijk wordt uitgestuurd naar een andere Europese lidstaat, kan dat ook onder de vorm van \u2018detachering\u2019. Werknemers kunnen ook \u2018gelijktijdig\u2019 in twee of meerdere landen werken, bijvoorbeeld twee dagen per week in Nederland en drie dagen in Belgi\u00eb, waardoor een salary-split ontstaat. Dit alles brengt de nodige complexiteit mee: de loonadministratie moet doorgaans worden aangepast aangezien een internationale tewerkstelling meestal gevolgen heeft op het vlak van fiscaal-, arbeids- en sociaal zekerheidsrecht. Bovendien moeten in het buitenland vaak specifieke formaliteiten worden vervuld wanneer werkgevers een tewerkstelling starten zonder te beschikken over een juridische entiteit in het buitenland. Deze lokale tewerkstellingsformaliteiten niet naleven, kan leiden tot hoge boetes. Internationale ambities brengen nieuwe uitdagingen met zich mee.\u201c<\/em><\/p>\n<p>Een voorbeeld: een Belgische onderneming werft een Nederlander aan die in Belgi\u00eb zal werken en in Nederland woont. Een Belgisch arbeidscontract is daarvoor nodig. Maar wat als deze werknemer na enige tijd ook mag thuiswerken? Dan is hij eigenlijk in twee landen werkzaam en ontstaat eveneens belastbaarheid in de woonstaat. In bepaalde gevallen ontstaat daardoor ook onderwerping aan de Nederlandse sociale zekerheid, zodat de Belgische vennootschap sociale zekerheid in Nederland moet betalen en daarvoor een (bijkomende) payroll moet opstarten. Ook op het vlak van arbeidsrecht (denk aan ontslag, arbeidsduur, etc. en tewerkstellingsformaliteiten) kan dit voor de Belgische onderneming leiden tot specifieke gevolgen.<\/p>\n<p><strong><em>Kleinere bedrijven groeien het snelst op vlak van internationale tewerkstelling<\/em><\/strong><\/p>\n<p>Ook de kleinere bedrijven doen een beroep op internationale tewerkstelling. Kmo\u2019s met minder dan twintig werknemers maken een derde uit van alle Belgische werkgevers die internationaal tewerkstellen. Ze zijn procentueel in de meerderheid en hun aandeel neemt het snelst toe, met meer dan 30% groei per jaar.<br \/>\nNiettemin vinden we de meeste internationaal actieve werknemers (met buitenlandse nationaliteit) terug bij de werkgevers vanaf 100 werknemers. Slechts 32% werkt binnen een kmo (tot 100 werknemers): 10,1% bij de kleinste kmo\u2019s, ongeveer 9,8% bij de kmo\u2019s tot 49 werknemers en 12,7% bij kmo\u2019s met 50 tot 99 werknemers). De overige 68% wordt aangetrokken door grotere ondernemingen vanaf 100 werknemers.<\/p>\n<p><em>Bron :\u00a0onderzoek van SD Worx betreft voornamelijk internationale tewerkstelling in Belgi\u00eb door bedrijven met een Belgische hoofdzetel. 85% van de internationale tewerkstelling gebeurt vanuit een onderneming met een juridische entiteit in Belgi\u00eb. Het onderzoek zoomt in op de internationale tewerkstelling met buitenlandse nationaliteiten. Belgen die gedetacheerd worden of in meerdere landen werken (split salary) of als expat in een ander land, zijn niet meegenomen in de analyse.<\/em><\/p>\n","protected":false},"excerpt":{"rendered":"<p>Op vier jaar ziet SD Worx het aantal werknemers die internationaal tewerkgesteld zijn in Belgi\u00eb bijna verdubbelen. Belgen -die in \u00e9\u00e9n of meerdere landen werken- maken iets meer dan de helft uit; het aandeel buitenlandse nationaliteiten stijgt sterker. De tewerkstelling [&hellip;]<\/p>\n","protected":false},"author":3,"featured_media":0,"comment_status":"open","ping_status":"open","sticky":false,"template":"","format":"standard","meta":[],"categories":[3,4],"tags":[1903,596],"yoast_head":"<!-- This site is optimized with the Yoast SEO plugin v20.12 - https:\/\/yoast.com\/wordpress\/plugins\/seo\/ -->\n<title>Buitenlandse tewerkstelling in Belgi\u00eb op vier jaar tijd bijna verviervoudigd. - Peoplesphere<\/title>\n<meta name=\"robots\" content=\"index, follow, max-snippet:-1, max-image-preview:large, max-video-preview:-1\" \/>\n<link rel=\"canonical\" href=\"https:\/\/peoplesphere.be\/nl\/buitenlandse-tewerkstelling-belgie-op-vier-jaar-tijd-bijna-verviervoudigd\/\" \/>\n<meta property=\"og:locale\" content=\"nl_NL\" \/>\n<meta property=\"og:type\" content=\"article\" \/>\n<meta property=\"og:title\" content=\"Buitenlandse tewerkstelling in Belgi\u00eb op vier jaar tijd bijna verviervoudigd. - Peoplesphere\" \/>\n<meta property=\"og:description\" content=\"Op vier jaar ziet SD Worx het aantal werknemers die internationaal tewerkgesteld zijn in Belgi\u00eb bijna verdubbelen. Belgen -die in \u00e9\u00e9n of meerdere landen werken- maken iets meer dan de helft uit; het aandeel buitenlandse nationaliteiten stijgt sterker. De tewerkstelling [&hellip;]\" \/>\n<meta property=\"og:url\" content=\"https:\/\/peoplesphere.be\/nl\/buitenlandse-tewerkstelling-belgie-op-vier-jaar-tijd-bijna-verviervoudigd\/\" \/>\n<meta property=\"og:site_name\" content=\"Peoplesphere\" \/>\n<meta property=\"article:publisher\" content=\"https:\/\/www.facebook.com\/peoplesphere\" \/>\n<meta property=\"article:published_time\" content=\"2019-07-12T06:08:26+00:00\" \/>\n<meta property=\"og:image\" content=\"http:\/\/www.peoplesphere.be\/nl\/wp-content\/uploads\/2016\/07\/facebook-default-posting-1200x628px.jpg\" \/>\n<meta name=\"author\" content=\"Jean-Paul Erhard\" \/>\n<meta name=\"twitter:card\" content=\"summary_large_image\" \/>\n<meta name=\"twitter:creator\" content=\"@PeoplesphereMag\" \/>\n<meta name=\"twitter:site\" content=\"@PeoplesphereMag\" \/>\n<meta name=\"twitter:label1\" content=\"Geschreven door\" \/>\n\t<meta name=\"twitter:data1\" content=\"Jean-Paul Erhard\" \/>\n\t<meta name=\"twitter:label2\" content=\"Geschatte leestijd\" \/>\n\t<meta name=\"twitter:data2\" content=\"4 minuten\" \/>\n<script type=\"application\/ld+json\" class=\"yoast-schema-graph\">{\"@context\":\"https:\/\/schema.org\",\"@graph\":[{\"@type\":\"WebPage\",\"@id\":\"https:\/\/peoplesphere.be\/nl\/buitenlandse-tewerkstelling-belgie-op-vier-jaar-tijd-bijna-verviervoudigd\/\",\"url\":\"https:\/\/peoplesphere.be\/nl\/buitenlandse-tewerkstelling-belgie-op-vier-jaar-tijd-bijna-verviervoudigd\/\",\"name\":\"Buitenlandse tewerkstelling in Belgi\u00eb op vier jaar tijd bijna verviervoudigd. - Peoplesphere\",\"isPartOf\":{\"@id\":\"https:\/\/peoplesphere.be\/nl\/#website\"},\"datePublished\":\"2019-07-12T06:08:26+00:00\",\"dateModified\":\"2019-07-12T06:08:26+00:00\",\"author\":{\"@id\":\"https:\/\/peoplesphere.be\/nl\/#\/schema\/person\/0a1c21d8893dd9b9a2cd6e068b4e8cf5\"},\"breadcrumb\":{\"@id\":\"https:\/\/peoplesphere.be\/nl\/buitenlandse-tewerkstelling-belgie-op-vier-jaar-tijd-bijna-verviervoudigd\/#breadcrumb\"},\"inLanguage\":\"nl-NL\",\"potentialAction\":[{\"@type\":\"ReadAction\",\"target\":[\"https:\/\/peoplesphere.be\/nl\/buitenlandse-tewerkstelling-belgie-op-vier-jaar-tijd-bijna-verviervoudigd\/\"]}]},{\"@type\":\"BreadcrumbList\",\"@id\":\"https:\/\/peoplesphere.be\/nl\/buitenlandse-tewerkstelling-belgie-op-vier-jaar-tijd-bijna-verviervoudigd\/#breadcrumb\",\"itemListElement\":[{\"@type\":\"ListItem\",\"position\":1,\"name\":\"Accueil\",\"item\":\"https:\/\/peoplesphere.be\/nl\/\"},{\"@type\":\"ListItem\",\"position\":2,\"name\":\"Buitenlandse tewerkstelling in Belgi\u00eb op vier jaar tijd bijna verviervoudigd.\"}]},{\"@type\":\"WebSite\",\"@id\":\"https:\/\/peoplesphere.be\/nl\/#website\",\"url\":\"https:\/\/peoplesphere.be\/nl\/\",\"name\":\"Peoplesphere\",\"description\":\"The People Managers Magazine\",\"potentialAction\":[{\"@type\":\"SearchAction\",\"target\":{\"@type\":\"EntryPoint\",\"urlTemplate\":\"https:\/\/peoplesphere.be\/nl\/?s={search_term_string}\"},\"query-input\":\"required name=search_term_string\"}],\"inLanguage\":\"nl-NL\"},{\"@type\":\"Person\",\"@id\":\"https:\/\/peoplesphere.be\/nl\/#\/schema\/person\/0a1c21d8893dd9b9a2cd6e068b4e8cf5\",\"name\":\"Jean-Paul Erhard\",\"image\":{\"@type\":\"ImageObject\",\"inLanguage\":\"nl-NL\",\"@id\":\"https:\/\/peoplesphere.be\/nl\/#\/schema\/person\/image\/\",\"url\":\"https:\/\/secure.gravatar.com\/avatar\/f941e681460179738071629a51574930?s=96&d=mm&r=g\",\"contentUrl\":\"https:\/\/secure.gravatar.com\/avatar\/f941e681460179738071629a51574930?s=96&d=mm&r=g\",\"caption\":\"Jean-Paul Erhard\"},\"url\":\"https:\/\/peoplesphere.be\/nl\/author\/jpe\/\"}]}<\/script>\n<!-- \/ Yoast SEO plugin. -->","yoast_head_json":{"title":"Buitenlandse tewerkstelling in Belgi\u00eb op vier jaar tijd bijna verviervoudigd. - Peoplesphere","robots":{"index":"index","follow":"follow","max-snippet":"max-snippet:-1","max-image-preview":"max-image-preview:large","max-video-preview":"max-video-preview:-1"},"canonical":"https:\/\/peoplesphere.be\/nl\/buitenlandse-tewerkstelling-belgie-op-vier-jaar-tijd-bijna-verviervoudigd\/","og_locale":"nl_NL","og_type":"article","og_title":"Buitenlandse tewerkstelling in Belgi\u00eb op vier jaar tijd bijna verviervoudigd. - Peoplesphere","og_description":"Op vier jaar ziet SD Worx het aantal werknemers die internationaal tewerkgesteld zijn in Belgi\u00eb bijna verdubbelen. Belgen -die in \u00e9\u00e9n of meerdere landen werken- maken iets meer dan de helft uit; het aandeel buitenlandse nationaliteiten stijgt sterker. De tewerkstelling [&hellip;]","og_url":"https:\/\/peoplesphere.be\/nl\/buitenlandse-tewerkstelling-belgie-op-vier-jaar-tijd-bijna-verviervoudigd\/","og_site_name":"Peoplesphere","article_publisher":"https:\/\/www.facebook.com\/peoplesphere","article_published_time":"2019-07-12T06:08:26+00:00","og_image":[{"url":"http:\/\/www.peoplesphere.be\/nl\/wp-content\/uploads\/2016\/07\/facebook-default-posting-1200x628px.jpg"}],"author":"Jean-Paul Erhard","twitter_card":"summary_large_image","twitter_creator":"@PeoplesphereMag","twitter_site":"@PeoplesphereMag","twitter_misc":{"Geschreven door":"Jean-Paul Erhard","Geschatte leestijd":"4 minuten"},"schema":{"@context":"https:\/\/schema.org","@graph":[{"@type":"WebPage","@id":"https:\/\/peoplesphere.be\/nl\/buitenlandse-tewerkstelling-belgie-op-vier-jaar-tijd-bijna-verviervoudigd\/","url":"https:\/\/peoplesphere.be\/nl\/buitenlandse-tewerkstelling-belgie-op-vier-jaar-tijd-bijna-verviervoudigd\/","name":"Buitenlandse tewerkstelling in Belgi\u00eb op vier jaar tijd bijna verviervoudigd. - Peoplesphere","isPartOf":{"@id":"https:\/\/peoplesphere.be\/nl\/#website"},"datePublished":"2019-07-12T06:08:26+00:00","dateModified":"2019-07-12T06:08:26+00:00","author":{"@id":"https:\/\/peoplesphere.be\/nl\/#\/schema\/person\/0a1c21d8893dd9b9a2cd6e068b4e8cf5"},"breadcrumb":{"@id":"https:\/\/peoplesphere.be\/nl\/buitenlandse-tewerkstelling-belgie-op-vier-jaar-tijd-bijna-verviervoudigd\/#breadcrumb"},"inLanguage":"nl-NL","potentialAction":[{"@type":"ReadAction","target":["https:\/\/peoplesphere.be\/nl\/buitenlandse-tewerkstelling-belgie-op-vier-jaar-tijd-bijna-verviervoudigd\/"]}]},{"@type":"BreadcrumbList","@id":"https:\/\/peoplesphere.be\/nl\/buitenlandse-tewerkstelling-belgie-op-vier-jaar-tijd-bijna-verviervoudigd\/#breadcrumb","itemListElement":[{"@type":"ListItem","position":1,"name":"Accueil","item":"https:\/\/peoplesphere.be\/nl\/"},{"@type":"ListItem","position":2,"name":"Buitenlandse tewerkstelling in Belgi\u00eb op vier jaar tijd bijna verviervoudigd."}]},{"@type":"WebSite","@id":"https:\/\/peoplesphere.be\/nl\/#website","url":"https:\/\/peoplesphere.be\/nl\/","name":"Peoplesphere","description":"The People Managers Magazine","potentialAction":[{"@type":"SearchAction","target":{"@type":"EntryPoint","urlTemplate":"https:\/\/peoplesphere.be\/nl\/?s={search_term_string}"},"query-input":"required name=search_term_string"}],"inLanguage":"nl-NL"},{"@type":"Person","@id":"https:\/\/peoplesphere.be\/nl\/#\/schema\/person\/0a1c21d8893dd9b9a2cd6e068b4e8cf5","name":"Jean-Paul Erhard","image":{"@type":"ImageObject","inLanguage":"nl-NL","@id":"https:\/\/peoplesphere.be\/nl\/#\/schema\/person\/image\/","url":"https:\/\/secure.gravatar.com\/avatar\/f941e681460179738071629a51574930?s=96&d=mm&r=g","contentUrl":"https:\/\/secure.gravatar.com\/avatar\/f941e681460179738071629a51574930?s=96&d=mm&r=g","caption":"Jean-Paul Erhard"},"url":"https:\/\/peoplesphere.be\/nl\/author\/jpe\/"}]}},"_links":{"self":[{"href":"https:\/\/peoplesphere.be\/nl\/wp-json\/wp\/v2\/posts\/5294"}],"collection":[{"href":"https:\/\/peoplesphere.be\/nl\/wp-json\/wp\/v2\/posts"}],"about":[{"href":"https:\/\/peoplesphere.be\/nl\/wp-json\/wp\/v2\/types\/post"}],"author":[{"embeddable":true,"href":"https:\/\/peoplesphere.be\/nl\/wp-json\/wp\/v2\/users\/3"}],"replies":[{"embeddable":true,"href":"https:\/\/peoplesphere.be\/nl\/wp-json\/wp\/v2\/comments?post=5294"}],"version-history":[{"count":1,"href":"https:\/\/peoplesphere.be\/nl\/wp-json\/wp\/v2\/posts\/5294\/revisions"}],"predecessor-version":[{"id":5295,"href":"https:\/\/peoplesphere.be\/nl\/wp-json\/wp\/v2\/posts\/5294\/revisions\/5295"}],"wp:attachment":[{"href":"https:\/\/peoplesphere.be\/nl\/wp-json\/wp\/v2\/media?parent=5294"}],"wp:term":[{"taxonomy":"category","embeddable":true,"href":"https:\/\/peoplesphere.be\/nl\/wp-json\/wp\/v2\/categories?post=5294"},{"taxonomy":"post_tag","embeddable":true,"href":"https:\/\/peoplesphere.be\/nl\/wp-json\/wp\/v2\/tags?post=5294"}],"curies":[{"name":"wp","href":"https:\/\/api.w.org\/{rel}","templated":true}]}}