











{"id":6700,"date":"2020-08-26T20:17:14","date_gmt":"2020-08-26T19:17:14","guid":{"rendered":"https:\/\/peoplesphere.be\/nl\/?p=6700"},"modified":"2020-08-26T20:17:14","modified_gmt":"2020-08-26T19:17:14","slug":"dringende-oproep-hoge-raad-preventie-en-bescherming-op-werk-vlottere-coordinatie-maatregelen-strijd-coronavirus","status":"publish","type":"post","link":"https:\/\/peoplesphere.be\/nl\/dringende-oproep-hoge-raad-preventie-en-bescherming-op-werk-vlottere-coordinatie-maatregelen-strijd-coronavirus\/","title":{"rendered":"Dringende oproep van de Hoge Raad voor Preventie en Bescherming op het werk voor een vlottere co\u00f6rdinatie van de maatregelen in de strijd tegen het coronavirus."},"content":{"rendered":"<p>De sociale partners van de Hoge Raad voor Preventie en Bescherming op het werk trekken aan de alarmbel i.v.m. de wijze waarop besluitvorming vandaag gebeurt over preventie van virusoverdracht via het werk.<!--more--><\/p>\n<p>De directe aanleiding hiertoe zijn enkele provinciebesluiten inzake seizoenarbeid, onvoldoende kennis over en aandacht voor de rol die arbeidsartsen opnemen en kunnen opnemen in de preventie van virusoverdracht en merkwaardige beslissingen en praktijken rond het testen en rond het nemen van de temperatuur van werknemers.<\/p>\n<p>Vandaag moeten de sociale partners, voor wat het domein van het werk betreft, vaststellen dat niet enkel op het terrein verwarring ontstaat door de tussenkomst van diensten die niet vertrouwd zijn met de arbeidswereld, maar dat er ook op vlak van de regelgeving incoherenties zijn doordat zelfs tegenstrijdige bepalingen op verschillende bevoegdheidsniveaus worden opgesteld, via koninklijke en ministeri\u00eble besluiten, politiebesluiten van Gouverneurs, \u2026<\/p>\n<p>De afwezigheid van een duidelijke logistiek toepasbare regelgeving of van een link met bestaande akkoorden, onder meer tussen de sociale partners, is niet van aard om de rechtszekerheid en effici\u00ebntie van het systeem te bevorderen.<\/p>\n<p>De Hoge Raad meent dat een systematisch voorafgaand overleg met de betrokken sociale partners moet worden voorzien wanneer een preventiemaatregel hen aanbelangt.<\/p>\n<p>Om ervoor te zorgen dat de aanpak in deze fase van de epidemie ook effectief en effici\u00ebnt zou gebeuren, dringen de sociale partners aan op coherentie, eenvormigheid en duidelijkheid van maatregelen. Dit vereist vooreerst dat de beslissingen (op alle bestuursniveaus) die gevolgen hebben voor de arbeidsverhoudingen voor het hele land worden geco\u00f6rdineerd en beslist door \u00e9\u00e9n \u201cleidende instantie\u201d. Dit vereist eveneens dat alle preventiemaatregelen van virusbestrijding die zich afspelen binnen de arbeidsrelaties door deze \u00e9\u00e9ngemaakte leidende instantie systematisch worden voorgelegd aan de Hoge Raad die steeds in overleg is met de FOD WASO.<\/p>\n<p>De sociale partners binnen de Hoge Raad voor Preventie en Bescherming op het werk hebben een aantal principes uitgewerkt die als raamwerk moeten dienen voor het bepalen en evalueren van deze maatregelen.<\/p>\n<p><em>Bron : FOD Werkgelegenheid, Arbeid en Sociaal Overleg<\/em><\/p>\n","protected":false},"excerpt":{"rendered":"<p>De sociale partners van de Hoge Raad voor Preventie en Bescherming op het werk trekken aan de alarmbel i.v.m. de wijze waarop besluitvorming vandaag gebeurt over preventie van virusoverdracht via het werk.<\/p>\n","protected":false},"author":3,"featured_media":0,"comment_status":"open","ping_status":"open","sticky":false,"template":"","format":"standard","meta":[],"categories":[3,4],"tags":[2391,223,2576,97,2575],"yoast_head":"<!-- This site is optimized with the Yoast SEO plugin v20.12 - https:\/\/yoast.com\/wordpress\/plugins\/seo\/ -->\n<title>Dringende oproep van de Hoge Raad voor Preventie en Bescherming op het werk voor een vlottere co\u00f6rdinatie van de maatregelen in de strijd tegen het coronavirus. - Peoplesphere<\/title>\n<meta name=\"robots\" content=\"index, follow, max-snippet:-1, max-image-preview:large, max-video-preview:-1\" \/>\n<link rel=\"canonical\" href=\"https:\/\/peoplesphere.be\/nl\/dringende-oproep-hoge-raad-preventie-en-bescherming-op-werk-vlottere-coordinatie-maatregelen-strijd-coronavirus\/\" \/>\n<meta property=\"og:locale\" content=\"nl_NL\" \/>\n<meta property=\"og:type\" content=\"article\" \/>\n<meta property=\"og:title\" content=\"Dringende oproep van de Hoge Raad voor Preventie en Bescherming op het werk voor een vlottere co\u00f6rdinatie van de maatregelen in de strijd tegen het coronavirus. - Peoplesphere\" \/>\n<meta property=\"og:description\" content=\"De sociale partners van de Hoge Raad voor Preventie en Bescherming op het werk trekken aan de alarmbel i.v.m. de wijze waarop besluitvorming vandaag gebeurt over preventie van virusoverdracht via het werk.\" \/>\n<meta property=\"og:url\" content=\"https:\/\/peoplesphere.be\/nl\/dringende-oproep-hoge-raad-preventie-en-bescherming-op-werk-vlottere-coordinatie-maatregelen-strijd-coronavirus\/\" \/>\n<meta property=\"og:site_name\" content=\"Peoplesphere\" \/>\n<meta property=\"article:publisher\" content=\"https:\/\/www.facebook.com\/peoplesphere\" \/>\n<meta property=\"article:published_time\" content=\"2020-08-26T19:17:14+00:00\" \/>\n<meta property=\"og:image\" content=\"http:\/\/www.peoplesphere.be\/nl\/wp-content\/uploads\/2016\/07\/facebook-default-posting-1200x628px.jpg\" \/>\n<meta name=\"author\" content=\"Jean-Paul Erhard\" \/>\n<meta name=\"twitter:card\" content=\"summary_large_image\" \/>\n<meta name=\"twitter:creator\" content=\"@PeoplesphereMag\" \/>\n<meta name=\"twitter:site\" content=\"@PeoplesphereMag\" \/>\n<meta name=\"twitter:label1\" content=\"Geschreven door\" \/>\n\t<meta name=\"twitter:data1\" content=\"Jean-Paul Erhard\" \/>\n\t<meta name=\"twitter:label2\" content=\"Geschatte leestijd\" \/>\n\t<meta name=\"twitter:data2\" content=\"2 minuten\" \/>\n<script type=\"application\/ld+json\" class=\"yoast-schema-graph\">{\"@context\":\"https:\/\/schema.org\",\"@graph\":[{\"@type\":\"WebPage\",\"@id\":\"https:\/\/peoplesphere.be\/nl\/dringende-oproep-hoge-raad-preventie-en-bescherming-op-werk-vlottere-coordinatie-maatregelen-strijd-coronavirus\/\",\"url\":\"https:\/\/peoplesphere.be\/nl\/dringende-oproep-hoge-raad-preventie-en-bescherming-op-werk-vlottere-coordinatie-maatregelen-strijd-coronavirus\/\",\"name\":\"Dringende oproep van de Hoge Raad voor Preventie en Bescherming op het werk voor een vlottere co\u00f6rdinatie van de maatregelen in de strijd tegen het coronavirus. - Peoplesphere\",\"isPartOf\":{\"@id\":\"https:\/\/peoplesphere.be\/nl\/#website\"},\"datePublished\":\"2020-08-26T19:17:14+00:00\",\"dateModified\":\"2020-08-26T19:17:14+00:00\",\"author\":{\"@id\":\"https:\/\/peoplesphere.be\/nl\/#\/schema\/person\/0a1c21d8893dd9b9a2cd6e068b4e8cf5\"},\"breadcrumb\":{\"@id\":\"https:\/\/peoplesphere.be\/nl\/dringende-oproep-hoge-raad-preventie-en-bescherming-op-werk-vlottere-coordinatie-maatregelen-strijd-coronavirus\/#breadcrumb\"},\"inLanguage\":\"nl-NL\",\"potentialAction\":[{\"@type\":\"ReadAction\",\"target\":[\"https:\/\/peoplesphere.be\/nl\/dringende-oproep-hoge-raad-preventie-en-bescherming-op-werk-vlottere-coordinatie-maatregelen-strijd-coronavirus\/\"]}]},{\"@type\":\"BreadcrumbList\",\"@id\":\"https:\/\/peoplesphere.be\/nl\/dringende-oproep-hoge-raad-preventie-en-bescherming-op-werk-vlottere-coordinatie-maatregelen-strijd-coronavirus\/#breadcrumb\",\"itemListElement\":[{\"@type\":\"ListItem\",\"position\":1,\"name\":\"Accueil\",\"item\":\"https:\/\/peoplesphere.be\/nl\/\"},{\"@type\":\"ListItem\",\"position\":2,\"name\":\"Dringende oproep van de Hoge Raad voor Preventie en Bescherming op het werk voor een vlottere co\u00f6rdinatie van de maatregelen in de strijd tegen het coronavirus.\"}]},{\"@type\":\"WebSite\",\"@id\":\"https:\/\/peoplesphere.be\/nl\/#website\",\"url\":\"https:\/\/peoplesphere.be\/nl\/\",\"name\":\"Peoplesphere\",\"description\":\"The People Managers Magazine\",\"potentialAction\":[{\"@type\":\"SearchAction\",\"target\":{\"@type\":\"EntryPoint\",\"urlTemplate\":\"https:\/\/peoplesphere.be\/nl\/?s={search_term_string}\"},\"query-input\":\"required name=search_term_string\"}],\"inLanguage\":\"nl-NL\"},{\"@type\":\"Person\",\"@id\":\"https:\/\/peoplesphere.be\/nl\/#\/schema\/person\/0a1c21d8893dd9b9a2cd6e068b4e8cf5\",\"name\":\"Jean-Paul Erhard\",\"image\":{\"@type\":\"ImageObject\",\"inLanguage\":\"nl-NL\",\"@id\":\"https:\/\/peoplesphere.be\/nl\/#\/schema\/person\/image\/\",\"url\":\"https:\/\/secure.gravatar.com\/avatar\/f941e681460179738071629a51574930?s=96&d=mm&r=g\",\"contentUrl\":\"https:\/\/secure.gravatar.com\/avatar\/f941e681460179738071629a51574930?s=96&d=mm&r=g\",\"caption\":\"Jean-Paul Erhard\"},\"url\":\"https:\/\/peoplesphere.be\/nl\/author\/jpe\/\"}]}<\/script>\n<!-- \/ Yoast SEO plugin. -->","yoast_head_json":{"title":"Dringende oproep van de Hoge Raad voor Preventie en Bescherming op het werk voor een vlottere co\u00f6rdinatie van de maatregelen in de strijd tegen het coronavirus. - Peoplesphere","robots":{"index":"index","follow":"follow","max-snippet":"max-snippet:-1","max-image-preview":"max-image-preview:large","max-video-preview":"max-video-preview:-1"},"canonical":"https:\/\/peoplesphere.be\/nl\/dringende-oproep-hoge-raad-preventie-en-bescherming-op-werk-vlottere-coordinatie-maatregelen-strijd-coronavirus\/","og_locale":"nl_NL","og_type":"article","og_title":"Dringende oproep van de Hoge Raad voor Preventie en Bescherming op het werk voor een vlottere co\u00f6rdinatie van de maatregelen in de strijd tegen het coronavirus. - Peoplesphere","og_description":"De sociale partners van de Hoge Raad voor Preventie en Bescherming op het werk trekken aan de alarmbel i.v.m. de wijze waarop besluitvorming vandaag gebeurt over preventie van virusoverdracht via het werk.","og_url":"https:\/\/peoplesphere.be\/nl\/dringende-oproep-hoge-raad-preventie-en-bescherming-op-werk-vlottere-coordinatie-maatregelen-strijd-coronavirus\/","og_site_name":"Peoplesphere","article_publisher":"https:\/\/www.facebook.com\/peoplesphere","article_published_time":"2020-08-26T19:17:14+00:00","og_image":[{"url":"http:\/\/www.peoplesphere.be\/nl\/wp-content\/uploads\/2016\/07\/facebook-default-posting-1200x628px.jpg"}],"author":"Jean-Paul Erhard","twitter_card":"summary_large_image","twitter_creator":"@PeoplesphereMag","twitter_site":"@PeoplesphereMag","twitter_misc":{"Geschreven door":"Jean-Paul Erhard","Geschatte leestijd":"2 minuten"},"schema":{"@context":"https:\/\/schema.org","@graph":[{"@type":"WebPage","@id":"https:\/\/peoplesphere.be\/nl\/dringende-oproep-hoge-raad-preventie-en-bescherming-op-werk-vlottere-coordinatie-maatregelen-strijd-coronavirus\/","url":"https:\/\/peoplesphere.be\/nl\/dringende-oproep-hoge-raad-preventie-en-bescherming-op-werk-vlottere-coordinatie-maatregelen-strijd-coronavirus\/","name":"Dringende oproep van de Hoge Raad voor Preventie en Bescherming op het werk voor een vlottere co\u00f6rdinatie van de maatregelen in de strijd tegen het coronavirus. - Peoplesphere","isPartOf":{"@id":"https:\/\/peoplesphere.be\/nl\/#website"},"datePublished":"2020-08-26T19:17:14+00:00","dateModified":"2020-08-26T19:17:14+00:00","author":{"@id":"https:\/\/peoplesphere.be\/nl\/#\/schema\/person\/0a1c21d8893dd9b9a2cd6e068b4e8cf5"},"breadcrumb":{"@id":"https:\/\/peoplesphere.be\/nl\/dringende-oproep-hoge-raad-preventie-en-bescherming-op-werk-vlottere-coordinatie-maatregelen-strijd-coronavirus\/#breadcrumb"},"inLanguage":"nl-NL","potentialAction":[{"@type":"ReadAction","target":["https:\/\/peoplesphere.be\/nl\/dringende-oproep-hoge-raad-preventie-en-bescherming-op-werk-vlottere-coordinatie-maatregelen-strijd-coronavirus\/"]}]},{"@type":"BreadcrumbList","@id":"https:\/\/peoplesphere.be\/nl\/dringende-oproep-hoge-raad-preventie-en-bescherming-op-werk-vlottere-coordinatie-maatregelen-strijd-coronavirus\/#breadcrumb","itemListElement":[{"@type":"ListItem","position":1,"name":"Accueil","item":"https:\/\/peoplesphere.be\/nl\/"},{"@type":"ListItem","position":2,"name":"Dringende oproep van de Hoge Raad voor Preventie en Bescherming op het werk voor een vlottere co\u00f6rdinatie van de maatregelen in de strijd tegen het coronavirus."}]},{"@type":"WebSite","@id":"https:\/\/peoplesphere.be\/nl\/#website","url":"https:\/\/peoplesphere.be\/nl\/","name":"Peoplesphere","description":"The People Managers Magazine","potentialAction":[{"@type":"SearchAction","target":{"@type":"EntryPoint","urlTemplate":"https:\/\/peoplesphere.be\/nl\/?s={search_term_string}"},"query-input":"required name=search_term_string"}],"inLanguage":"nl-NL"},{"@type":"Person","@id":"https:\/\/peoplesphere.be\/nl\/#\/schema\/person\/0a1c21d8893dd9b9a2cd6e068b4e8cf5","name":"Jean-Paul Erhard","image":{"@type":"ImageObject","inLanguage":"nl-NL","@id":"https:\/\/peoplesphere.be\/nl\/#\/schema\/person\/image\/","url":"https:\/\/secure.gravatar.com\/avatar\/f941e681460179738071629a51574930?s=96&d=mm&r=g","contentUrl":"https:\/\/secure.gravatar.com\/avatar\/f941e681460179738071629a51574930?s=96&d=mm&r=g","caption":"Jean-Paul Erhard"},"url":"https:\/\/peoplesphere.be\/nl\/author\/jpe\/"}]}},"_links":{"self":[{"href":"https:\/\/peoplesphere.be\/nl\/wp-json\/wp\/v2\/posts\/6700"}],"collection":[{"href":"https:\/\/peoplesphere.be\/nl\/wp-json\/wp\/v2\/posts"}],"about":[{"href":"https:\/\/peoplesphere.be\/nl\/wp-json\/wp\/v2\/types\/post"}],"author":[{"embeddable":true,"href":"https:\/\/peoplesphere.be\/nl\/wp-json\/wp\/v2\/users\/3"}],"replies":[{"embeddable":true,"href":"https:\/\/peoplesphere.be\/nl\/wp-json\/wp\/v2\/comments?post=6700"}],"version-history":[{"count":1,"href":"https:\/\/peoplesphere.be\/nl\/wp-json\/wp\/v2\/posts\/6700\/revisions"}],"predecessor-version":[{"id":6701,"href":"https:\/\/peoplesphere.be\/nl\/wp-json\/wp\/v2\/posts\/6700\/revisions\/6701"}],"wp:attachment":[{"href":"https:\/\/peoplesphere.be\/nl\/wp-json\/wp\/v2\/media?parent=6700"}],"wp:term":[{"taxonomy":"category","embeddable":true,"href":"https:\/\/peoplesphere.be\/nl\/wp-json\/wp\/v2\/categories?post=6700"},{"taxonomy":"post_tag","embeddable":true,"href":"https:\/\/peoplesphere.be\/nl\/wp-json\/wp\/v2\/tags?post=6700"}],"curies":[{"name":"wp","href":"https:\/\/api.w.org\/{rel}","templated":true}]}}