











{"id":7112,"date":"2020-12-16T07:09:04","date_gmt":"2020-12-16T06:09:04","guid":{"rendered":"https:\/\/peoplesphere.be\/nl\/?p=7112"},"modified":"2020-12-16T07:09:29","modified_gmt":"2020-12-16T06:09:29","slug":"covid-zorgt-carrierelockdown-werknemers-30","status":"publish","type":"post","link":"https:\/\/peoplesphere.be\/nl\/covid-zorgt-carrierelockdown-werknemers-30\/","title":{"rendered":"Covid zorgt voor \u2018carri\u00e8relockdown\u2019 bij werknemers onder 30."},"content":{"rendered":"<p>Nu veel mensen de komende tijd nog zullen thuiswerken, blijkt uit nieuwe inzichten dat een behoorlijk deel van de Europese medewerkers bezorgd is over hun carri\u00e8re-vooruitzichten. Meer dan de helft (51 procent) geeft aan zich zorgen te maken over zaken die op de lange termijn spelen zoals het bijhouden van vaardigheden, een tekort aan professionele training en carri\u00e8rekansen. Deze inzichten van Sharp, in combinatie met de deskundige analyse door een vooraanstaand academicus, waarschuwen voor een potenti\u00eble \u2018carri\u00e8relockdown\u2019 bij de groep die wij vaak \u2018digital natives\u2019 noemen, en voor wie de vooruitzichten momenteel op een laag pitje staan.<!--more--><\/p>\n<p>Het nieuwe onderzoek, uitgevoerd onder meer dan 6.000 medewerkers in kmo&#8217;s door heel Europa, toont de impact die de COVID-19-pandemie heeft op de behoeften van werknemers en op de verwachtingen voor het toekomstige werken. Na de eerste bevindingen zal Sharp verdere onderzoeksresultaten publiceren in een aankomend \u2018Werkplek van de Toekomst\u201d -rapport dat begin 2021 verschijnt.<\/p>\n<p><strong><em>Doorlopend thuiswerken heeft meeste impact op \u2018digital natives\u2019 als het op werkambities en werkontwikkeling aankomt<\/em><\/strong><\/p>\n<p>Ondanks zorgen om hun carri\u00e8re vindt het merendeel van de respondenten onder de 30 dat het thuiswerken hen productiever heeft gemaakt (51 procent) en dat de technologie die het thuiswerken ondersteunt hen in staat stelt hun werk effectiever te doen (63 procent). Bijna twee derde (61 procent) van de werknemers onder de 30 vindt wel dat thuiswerken het moeilijker maakt om te volgen wat er binnen het bedrijf speelt, en 55 procent zegt zich afgesneden te voelen van het team. Iets meer dan de helft vindt het lastig om thuis gemotiveerd te blijven en daarnaast geeft 24 procent aan zich zorgen te maken over hoe je een team op afstand gemotiveerd kunt houden.<\/p>\n<p>Naast de positieve impact van de technologie lijken de sub-dertigers door het thuiswerken de ontwikkeling van kernvaardigheden mis te lopen die nodig zijn om vooruit te komen. Viola Kraus, organisatiepsycholoog gespecialiseerd in de toekomst van werk, legt uit: <em>\u201cWe zien een groeiende trend dat de jongste generatie werknemers, als \u2018digital natives\u2019 die om kunnen gaan met technologie, aan hun lot kunnen worden overgelaten en het allemaal zelf maar uit moeten zoeken.\u201d<\/em><\/p>\n<p><em>\u201cDeze generatie moet niet alleen de vaardigheden leren om het meeste uit technologie te halen, maar ook algemene bedrijfsvaardigheden om verder te komen in hun baan. De zorgen van deze jonge werknemers over de ontwikkeling van hun carri\u00e8re komen waarschijnlijk door een gebrek aan connectie met en sturing door hun team en oudere collega\u2019s tijdens het thuiswerken. Zolang we virtueel doorwerken, is het is dus belangrijk dat werkgevers hen begeleiding en een formeel platform bieden waar kennisoverdracht tussen collega\u2019s wordt aangemoedigd, zodat dat uiteindelijk vanzelf zal gaan.\u201d<\/em><\/p>\n<p>Het onderzoek toont aan dat werknemers onder de 30 van een werkgever verwachten dat hij\/zij hen steunt en hen de kans geeft te leren en zich te ontwikkelen. Denkend aan hun ervaringen tijdens de lockdown, zegt 63 procent van de medewerkers onder de 30 dat zij mogelijkheden voor bijscholing en training belangrijker zijn gaan vinden. Daarnaast vindt 41 procent dat werkgevers werknemers ook tijdens het thuiswerken de mogelijkheid moeten bieden om nieuwe vaardigheden op te doen door online trainingen of bedrijfsbrede workshops.<\/p>\n<p>Peter Hoorn, Managing Director Sharp Benelux: <em>\u201cOnze jongere medewerkers maken zich duidelijk zorgen over de langdurige impact van de pandemie op hun carri\u00e8re. Bedrijven die plannen maken voor het toekomstige werken, moeten ervoor zorgen dat de fundamenten van werk die zo belangrijk zijn voor carri\u00e8regroei niet ontbreken voor de \u2018digitally savvy\u2019 generatie. We moeten ervoor zorgen dat we technologie inzetten om het leren en het samenwerken te ondersteunen terwijl de manier waarop we werken blijft veranderen.\u201d<\/em><\/p>\n<p>&nbsp;<\/p>\n<p><em>Bron : het onderzoek is uitgevoerd door Censuswide voor Sharp onder 6.018 medewerkers in kmo&#8217;s (tot 250 werknemers) door heel Europa. Het in de eerste alinea genoemde percentage (51 procent) medewerkers dat zich zorgen maakt over de ontwikkeling van hun carri\u00e8re betreft een combinatie van respondenten die ten minste \u00e9\u00e9n van deze opties selecteerden als hoofdreden voor bezorgdheid als ze aan de toekomst van het werken dachten op de lange termijn: \u2018Tekort aan carri\u00e8rekansen\u2019, \u2018Mijn vaardigheden scherp houden\u2019, \u2018Tekort aan mogelijkheden tot training\u2019.<\/em><\/p>\n","protected":false},"excerpt":{"rendered":"<p>Nu veel mensen de komende tijd nog zullen thuiswerken, blijkt uit nieuwe inzichten dat een behoorlijk deel van de Europese medewerkers bezorgd is over hun carri\u00e8re-vooruitzichten. Meer dan de helft (51 procent) geeft aan zich zorgen te maken over zaken [&hellip;]<\/p>\n","protected":false},"author":3,"featured_media":7113,"comment_status":"open","ping_status":"open","sticky":false,"template":"","format":"standard","meta":[],"categories":[3,4],"tags":[1659,2707,15],"yoast_head":"<!-- This site is optimized with the Yoast SEO plugin v20.12 - https:\/\/yoast.com\/wordpress\/plugins\/seo\/ -->\n<title>Covid zorgt voor \u2018carri\u00e8relockdown\u2019 bij werknemers onder 30. - Peoplesphere<\/title>\n<meta name=\"robots\" content=\"index, follow, max-snippet:-1, max-image-preview:large, max-video-preview:-1\" \/>\n<link rel=\"canonical\" href=\"https:\/\/peoplesphere.be\/nl\/covid-zorgt-carrierelockdown-werknemers-30\/\" \/>\n<meta property=\"og:locale\" content=\"nl_NL\" \/>\n<meta property=\"og:type\" content=\"article\" \/>\n<meta property=\"og:title\" content=\"Covid zorgt voor \u2018carri\u00e8relockdown\u2019 bij werknemers onder 30. - Peoplesphere\" \/>\n<meta property=\"og:description\" content=\"Nu veel mensen de komende tijd nog zullen thuiswerken, blijkt uit nieuwe inzichten dat een behoorlijk deel van de Europese medewerkers bezorgd is over hun carri\u00e8re-vooruitzichten. Meer dan de helft (51 procent) geeft aan zich zorgen te maken over zaken [&hellip;]\" \/>\n<meta property=\"og:url\" content=\"https:\/\/peoplesphere.be\/nl\/covid-zorgt-carrierelockdown-werknemers-30\/\" \/>\n<meta property=\"og:site_name\" content=\"Peoplesphere\" \/>\n<meta property=\"article:publisher\" content=\"https:\/\/www.facebook.com\/peoplesphere\" \/>\n<meta property=\"article:published_time\" content=\"2020-12-16T06:09:04+00:00\" \/>\n<meta property=\"article:modified_time\" content=\"2020-12-16T06:09:29+00:00\" \/>\n<meta property=\"og:image\" content=\"https:\/\/peoplesphere.be\/nl\/wp-content\/uploads\/2020\/12\/photo-1516635707594-6949bdca3538.jpeg\" \/>\n\t<meta property=\"og:image:width\" content=\"750\" \/>\n\t<meta property=\"og:image:height\" content=\"500\" \/>\n\t<meta property=\"og:image:type\" content=\"image\/jpeg\" \/>\n<meta name=\"author\" content=\"Jean-Paul Erhard\" \/>\n<meta name=\"twitter:card\" content=\"summary_large_image\" \/>\n<meta name=\"twitter:creator\" content=\"@PeoplesphereMag\" \/>\n<meta name=\"twitter:site\" content=\"@PeoplesphereMag\" \/>\n<meta name=\"twitter:label1\" content=\"Geschreven door\" \/>\n\t<meta name=\"twitter:data1\" content=\"Jean-Paul Erhard\" \/>\n\t<meta name=\"twitter:label2\" content=\"Geschatte leestijd\" \/>\n\t<meta name=\"twitter:data2\" content=\"3 minuten\" \/>\n<script type=\"application\/ld+json\" class=\"yoast-schema-graph\">{\"@context\":\"https:\/\/schema.org\",\"@graph\":[{\"@type\":\"WebPage\",\"@id\":\"https:\/\/peoplesphere.be\/nl\/covid-zorgt-carrierelockdown-werknemers-30\/\",\"url\":\"https:\/\/peoplesphere.be\/nl\/covid-zorgt-carrierelockdown-werknemers-30\/\",\"name\":\"Covid zorgt voor \u2018carri\u00e8relockdown\u2019 bij werknemers onder 30. - Peoplesphere\",\"isPartOf\":{\"@id\":\"https:\/\/peoplesphere.be\/nl\/#website\"},\"datePublished\":\"2020-12-16T06:09:04+00:00\",\"dateModified\":\"2020-12-16T06:09:29+00:00\",\"author\":{\"@id\":\"https:\/\/peoplesphere.be\/nl\/#\/schema\/person\/0a1c21d8893dd9b9a2cd6e068b4e8cf5\"},\"breadcrumb\":{\"@id\":\"https:\/\/peoplesphere.be\/nl\/covid-zorgt-carrierelockdown-werknemers-30\/#breadcrumb\"},\"inLanguage\":\"nl-NL\",\"potentialAction\":[{\"@type\":\"ReadAction\",\"target\":[\"https:\/\/peoplesphere.be\/nl\/covid-zorgt-carrierelockdown-werknemers-30\/\"]}]},{\"@type\":\"BreadcrumbList\",\"@id\":\"https:\/\/peoplesphere.be\/nl\/covid-zorgt-carrierelockdown-werknemers-30\/#breadcrumb\",\"itemListElement\":[{\"@type\":\"ListItem\",\"position\":1,\"name\":\"Accueil\",\"item\":\"https:\/\/peoplesphere.be\/nl\/\"},{\"@type\":\"ListItem\",\"position\":2,\"name\":\"Covid zorgt voor \u2018carri\u00e8relockdown\u2019 bij werknemers onder 30.\"}]},{\"@type\":\"WebSite\",\"@id\":\"https:\/\/peoplesphere.be\/nl\/#website\",\"url\":\"https:\/\/peoplesphere.be\/nl\/\",\"name\":\"Peoplesphere\",\"description\":\"The People Managers Magazine\",\"potentialAction\":[{\"@type\":\"SearchAction\",\"target\":{\"@type\":\"EntryPoint\",\"urlTemplate\":\"https:\/\/peoplesphere.be\/nl\/?s={search_term_string}\"},\"query-input\":\"required name=search_term_string\"}],\"inLanguage\":\"nl-NL\"},{\"@type\":\"Person\",\"@id\":\"https:\/\/peoplesphere.be\/nl\/#\/schema\/person\/0a1c21d8893dd9b9a2cd6e068b4e8cf5\",\"name\":\"Jean-Paul Erhard\",\"image\":{\"@type\":\"ImageObject\",\"inLanguage\":\"nl-NL\",\"@id\":\"https:\/\/peoplesphere.be\/nl\/#\/schema\/person\/image\/\",\"url\":\"https:\/\/secure.gravatar.com\/avatar\/f941e681460179738071629a51574930?s=96&d=mm&r=g\",\"contentUrl\":\"https:\/\/secure.gravatar.com\/avatar\/f941e681460179738071629a51574930?s=96&d=mm&r=g\",\"caption\":\"Jean-Paul Erhard\"},\"url\":\"https:\/\/peoplesphere.be\/nl\/author\/jpe\/\"}]}<\/script>\n<!-- \/ Yoast SEO plugin. -->","yoast_head_json":{"title":"Covid zorgt voor \u2018carri\u00e8relockdown\u2019 bij werknemers onder 30. - Peoplesphere","robots":{"index":"index","follow":"follow","max-snippet":"max-snippet:-1","max-image-preview":"max-image-preview:large","max-video-preview":"max-video-preview:-1"},"canonical":"https:\/\/peoplesphere.be\/nl\/covid-zorgt-carrierelockdown-werknemers-30\/","og_locale":"nl_NL","og_type":"article","og_title":"Covid zorgt voor \u2018carri\u00e8relockdown\u2019 bij werknemers onder 30. - Peoplesphere","og_description":"Nu veel mensen de komende tijd nog zullen thuiswerken, blijkt uit nieuwe inzichten dat een behoorlijk deel van de Europese medewerkers bezorgd is over hun carri\u00e8re-vooruitzichten. Meer dan de helft (51 procent) geeft aan zich zorgen te maken over zaken [&hellip;]","og_url":"https:\/\/peoplesphere.be\/nl\/covid-zorgt-carrierelockdown-werknemers-30\/","og_site_name":"Peoplesphere","article_publisher":"https:\/\/www.facebook.com\/peoplesphere","article_published_time":"2020-12-16T06:09:04+00:00","article_modified_time":"2020-12-16T06:09:29+00:00","og_image":[{"width":750,"height":500,"url":"https:\/\/peoplesphere.be\/nl\/wp-content\/uploads\/2020\/12\/photo-1516635707594-6949bdca3538.jpeg","type":"image\/jpeg"}],"author":"Jean-Paul Erhard","twitter_card":"summary_large_image","twitter_creator":"@PeoplesphereMag","twitter_site":"@PeoplesphereMag","twitter_misc":{"Geschreven door":"Jean-Paul Erhard","Geschatte leestijd":"3 minuten"},"schema":{"@context":"https:\/\/schema.org","@graph":[{"@type":"WebPage","@id":"https:\/\/peoplesphere.be\/nl\/covid-zorgt-carrierelockdown-werknemers-30\/","url":"https:\/\/peoplesphere.be\/nl\/covid-zorgt-carrierelockdown-werknemers-30\/","name":"Covid zorgt voor \u2018carri\u00e8relockdown\u2019 bij werknemers onder 30. - Peoplesphere","isPartOf":{"@id":"https:\/\/peoplesphere.be\/nl\/#website"},"datePublished":"2020-12-16T06:09:04+00:00","dateModified":"2020-12-16T06:09:29+00:00","author":{"@id":"https:\/\/peoplesphere.be\/nl\/#\/schema\/person\/0a1c21d8893dd9b9a2cd6e068b4e8cf5"},"breadcrumb":{"@id":"https:\/\/peoplesphere.be\/nl\/covid-zorgt-carrierelockdown-werknemers-30\/#breadcrumb"},"inLanguage":"nl-NL","potentialAction":[{"@type":"ReadAction","target":["https:\/\/peoplesphere.be\/nl\/covid-zorgt-carrierelockdown-werknemers-30\/"]}]},{"@type":"BreadcrumbList","@id":"https:\/\/peoplesphere.be\/nl\/covid-zorgt-carrierelockdown-werknemers-30\/#breadcrumb","itemListElement":[{"@type":"ListItem","position":1,"name":"Accueil","item":"https:\/\/peoplesphere.be\/nl\/"},{"@type":"ListItem","position":2,"name":"Covid zorgt voor \u2018carri\u00e8relockdown\u2019 bij werknemers onder 30."}]},{"@type":"WebSite","@id":"https:\/\/peoplesphere.be\/nl\/#website","url":"https:\/\/peoplesphere.be\/nl\/","name":"Peoplesphere","description":"The People Managers Magazine","potentialAction":[{"@type":"SearchAction","target":{"@type":"EntryPoint","urlTemplate":"https:\/\/peoplesphere.be\/nl\/?s={search_term_string}"},"query-input":"required name=search_term_string"}],"inLanguage":"nl-NL"},{"@type":"Person","@id":"https:\/\/peoplesphere.be\/nl\/#\/schema\/person\/0a1c21d8893dd9b9a2cd6e068b4e8cf5","name":"Jean-Paul Erhard","image":{"@type":"ImageObject","inLanguage":"nl-NL","@id":"https:\/\/peoplesphere.be\/nl\/#\/schema\/person\/image\/","url":"https:\/\/secure.gravatar.com\/avatar\/f941e681460179738071629a51574930?s=96&d=mm&r=g","contentUrl":"https:\/\/secure.gravatar.com\/avatar\/f941e681460179738071629a51574930?s=96&d=mm&r=g","caption":"Jean-Paul Erhard"},"url":"https:\/\/peoplesphere.be\/nl\/author\/jpe\/"}]}},"_links":{"self":[{"href":"https:\/\/peoplesphere.be\/nl\/wp-json\/wp\/v2\/posts\/7112"}],"collection":[{"href":"https:\/\/peoplesphere.be\/nl\/wp-json\/wp\/v2\/posts"}],"about":[{"href":"https:\/\/peoplesphere.be\/nl\/wp-json\/wp\/v2\/types\/post"}],"author":[{"embeddable":true,"href":"https:\/\/peoplesphere.be\/nl\/wp-json\/wp\/v2\/users\/3"}],"replies":[{"embeddable":true,"href":"https:\/\/peoplesphere.be\/nl\/wp-json\/wp\/v2\/comments?post=7112"}],"version-history":[{"count":1,"href":"https:\/\/peoplesphere.be\/nl\/wp-json\/wp\/v2\/posts\/7112\/revisions"}],"predecessor-version":[{"id":7114,"href":"https:\/\/peoplesphere.be\/nl\/wp-json\/wp\/v2\/posts\/7112\/revisions\/7114"}],"wp:featuredmedia":[{"embeddable":true,"href":"https:\/\/peoplesphere.be\/nl\/wp-json\/wp\/v2\/media\/7113"}],"wp:attachment":[{"href":"https:\/\/peoplesphere.be\/nl\/wp-json\/wp\/v2\/media?parent=7112"}],"wp:term":[{"taxonomy":"category","embeddable":true,"href":"https:\/\/peoplesphere.be\/nl\/wp-json\/wp\/v2\/categories?post=7112"},{"taxonomy":"post_tag","embeddable":true,"href":"https:\/\/peoplesphere.be\/nl\/wp-json\/wp\/v2\/tags?post=7112"}],"curies":[{"name":"wp","href":"https:\/\/api.w.org\/{rel}","templated":true}]}}