











{"id":7161,"date":"2021-01-05T07:48:11","date_gmt":"2021-01-05T06:48:11","guid":{"rendered":"https:\/\/peoplesphere.be\/nl\/?p=7161"},"modified":"2021-01-05T07:48:11","modified_gmt":"2021-01-05T06:48:11","slug":"kwart-kmos-wil-dal-klimmen-nieuwe-aanwervingen-eerste-kwartaal-2021","status":"publish","type":"post","link":"https:\/\/peoplesphere.be\/nl\/kwart-kmos-wil-dal-klimmen-nieuwe-aanwervingen-eerste-kwartaal-2021\/","title":{"rendered":"Kwart van kmo\u2019s wil uit dal klimmen met nieuwe aanwervingen in eerste kwartaal 2021."},"content":{"rendered":"<p>In het eerste kwartaal van 2021 wil een kwart van de Belgische kmo\u2019s (27,2%) opnieuw aanwerven: de klim uit het dal zet zich verder, vooral dankzij gestegen aanwervingsintenties bij kmo\u2019s in \u2018industrie en bouw\u2019 en in niet-essenti\u00eble sectoren. We zitten wel nog niet op het niveau van voor de crisis, toen gemiddeld \u00e9\u00e9n op drie kmo\u2019s (34,0%) aanwervingsplannen had.<!--more--><\/p>\n<p>Anderzijds denkt ongeveer een op zes kmo\u2019s (17,2%) te moeten overgaan tot ontslag; dit blijft het dubbele van voor de crisis (8,5%). Daarvan gaat slechts een op de drie de ontslagen werknemer vervangen. Dit zijn nieuwe inzichten uit de driemaandelijkse tewerkstellingsenqu\u00eate in opdracht van HR-dienstenverlener SD Worx bij 731 kmo-bedrijfsleiders en personeelsverantwoordelijken in december.<\/p>\n<p>Voor wie denkt aan solliciteren begin 2021: er zijn significante verschillen tussen grote en kleine kmo\u2019s. Bij de grootste kmo\u2019s (tussen 100-250 werknemers) wil acht op tien kmo\u2019s aanwerven, terwijl dit maar het geval is bij 16,6% bij de kleinste kmo\u2019s (minder dan 5 werknemers). Vanaf 20 werknemers stelt een op twee kmo\u2019s aanwervingsplannen te hebben in het eerste kwartaal. Het verschil inzake aanwervingsplannen tussen kmo\u2019s uit essenti\u00eble (covid-19) en niet-essenti\u00eble sectoren is zo goed als weggewerkt (31,5% t.o.v. 27,1%).<\/p>\n<p>Annelies Rottiers, strategisch adviseur kmo bij SD Worx: <em>\u201cDe klim uit het dal zet zich verder. Er is een gevoelige stijging in de aanwervingsplannen bij kmo\u2019s werkzaam in niet-essenti\u00eble sectoren (van 18,8% in september naar 27,1%) waarmee ze nu op het niveau van de essenti\u00eble sectoren komen. De sector \u2018industrie en bouw\u2019 vertoont de grootste sprong voorwaarts: van 24,2% naar 32,6% waarmee deze sector de dienstensectoren (zowel profit als non-profit) ) voorbij steekt (van 22,7% naar 26,0%). We evolueren meer richting uitbreidingen, maar zitten nog niet op het niveau van voor de crisis. Hoe groter de kmo, hoe groter het optimisme over het werkvolume in 2021 en hoe groter de aanwervingsplannen. In de sector \u2018industrie en bouw\u2019 verwacht een groter aandeel kmo\u2019s echter een afname van het werk.\u201d<\/em><\/p>\n<p><em><strong>Ontslag bij \u00e9\u00e9n op zes kmo\u2019s \u2013 soms met vervanging<\/strong><\/em><\/p>\n<p>De ontslagintentie blijft dubbel zo hoog als voor de crisis. Er zijn geen grote verschillen volgens provincie, gewest en grootte van de kmo. Een op drie kmo\u2019s (30,1%) van de kmo\u2019s met ontslagplannen, zijn van plan om dit personeelslid ook te vervangen. Dit ligt significant hoger dan in september (17,6%), maar nog steeds significant lager t.o.v. maart (53,6%).<\/p>\n<p>&nbsp;<\/p>\n<p><em>Bron : in de driemaandelijkse tewerkstellingsprognose van SD Worx zijn voor de 43e keer een voor Belgi\u00eb representatief aantal kmo&#8217;s bevraagd naar hun verwachtingen over tewerkstelling. Hieraan namen 731 bedrijven van 1 &#8211; 250 werknemers deel tussen 1 en 13 december. Voor de volledige steekproef bedraagt de foutenmarge 3,0 % (betrouwbaarheidsinterval van 95%). De bevraging werd uitgevoerd door het onderzoeksbureau DataD, onderdeel van de CityD-WES.<\/em><\/p>\n","protected":false},"excerpt":{"rendered":"<p>In het eerste kwartaal van 2021 wil een kwart van de Belgische kmo\u2019s (27,2%) opnieuw aanwerven: de klim uit het dal zet zich verder, vooral dankzij gestegen aanwervingsintenties bij kmo\u2019s in \u2018industrie en bouw\u2019 en in niet-essenti\u00eble sectoren. We zitten [&hellip;]<\/p>\n","protected":false},"author":3,"featured_media":0,"comment_status":"open","ping_status":"open","sticky":false,"template":"","format":"standard","meta":[],"categories":[3,4],"tags":[2342,19,216,35,596],"yoast_head":"<!-- This site is optimized with the Yoast SEO plugin v20.12 - https:\/\/yoast.com\/wordpress\/plugins\/seo\/ -->\n<title>Kwart van kmo\u2019s wil uit dal klimmen met nieuwe aanwervingen in eerste kwartaal 2021. - Peoplesphere<\/title>\n<meta name=\"robots\" content=\"index, follow, max-snippet:-1, max-image-preview:large, max-video-preview:-1\" \/>\n<link rel=\"canonical\" href=\"https:\/\/peoplesphere.be\/nl\/kwart-kmos-wil-dal-klimmen-nieuwe-aanwervingen-eerste-kwartaal-2021\/\" \/>\n<meta property=\"og:locale\" content=\"nl_NL\" \/>\n<meta property=\"og:type\" content=\"article\" \/>\n<meta property=\"og:title\" content=\"Kwart van kmo\u2019s wil uit dal klimmen met nieuwe aanwervingen in eerste kwartaal 2021. - Peoplesphere\" \/>\n<meta property=\"og:description\" content=\"In het eerste kwartaal van 2021 wil een kwart van de Belgische kmo\u2019s (27,2%) opnieuw aanwerven: de klim uit het dal zet zich verder, vooral dankzij gestegen aanwervingsintenties bij kmo\u2019s in \u2018industrie en bouw\u2019 en in niet-essenti\u00eble sectoren. We zitten [&hellip;]\" \/>\n<meta property=\"og:url\" content=\"https:\/\/peoplesphere.be\/nl\/kwart-kmos-wil-dal-klimmen-nieuwe-aanwervingen-eerste-kwartaal-2021\/\" \/>\n<meta property=\"og:site_name\" content=\"Peoplesphere\" \/>\n<meta property=\"article:publisher\" content=\"https:\/\/www.facebook.com\/peoplesphere\" \/>\n<meta property=\"article:published_time\" content=\"2021-01-05T06:48:11+00:00\" \/>\n<meta property=\"og:image\" content=\"http:\/\/www.peoplesphere.be\/nl\/wp-content\/uploads\/2016\/07\/facebook-default-posting-1200x628px.jpg\" \/>\n<meta name=\"author\" content=\"Jean-Paul Erhard\" \/>\n<meta name=\"twitter:card\" content=\"summary_large_image\" \/>\n<meta name=\"twitter:creator\" content=\"@PeoplesphereMag\" \/>\n<meta name=\"twitter:site\" content=\"@PeoplesphereMag\" \/>\n<meta name=\"twitter:label1\" content=\"Geschreven door\" \/>\n\t<meta name=\"twitter:data1\" content=\"Jean-Paul Erhard\" \/>\n\t<meta name=\"twitter:label2\" content=\"Geschatte leestijd\" \/>\n\t<meta name=\"twitter:data2\" content=\"2 minuten\" \/>\n<script type=\"application\/ld+json\" class=\"yoast-schema-graph\">{\"@context\":\"https:\/\/schema.org\",\"@graph\":[{\"@type\":\"WebPage\",\"@id\":\"https:\/\/peoplesphere.be\/nl\/kwart-kmos-wil-dal-klimmen-nieuwe-aanwervingen-eerste-kwartaal-2021\/\",\"url\":\"https:\/\/peoplesphere.be\/nl\/kwart-kmos-wil-dal-klimmen-nieuwe-aanwervingen-eerste-kwartaal-2021\/\",\"name\":\"Kwart van kmo\u2019s wil uit dal klimmen met nieuwe aanwervingen in eerste kwartaal 2021. - Peoplesphere\",\"isPartOf\":{\"@id\":\"https:\/\/peoplesphere.be\/nl\/#website\"},\"datePublished\":\"2021-01-05T06:48:11+00:00\",\"dateModified\":\"2021-01-05T06:48:11+00:00\",\"author\":{\"@id\":\"https:\/\/peoplesphere.be\/nl\/#\/schema\/person\/0a1c21d8893dd9b9a2cd6e068b4e8cf5\"},\"breadcrumb\":{\"@id\":\"https:\/\/peoplesphere.be\/nl\/kwart-kmos-wil-dal-klimmen-nieuwe-aanwervingen-eerste-kwartaal-2021\/#breadcrumb\"},\"inLanguage\":\"nl-NL\",\"potentialAction\":[{\"@type\":\"ReadAction\",\"target\":[\"https:\/\/peoplesphere.be\/nl\/kwart-kmos-wil-dal-klimmen-nieuwe-aanwervingen-eerste-kwartaal-2021\/\"]}]},{\"@type\":\"BreadcrumbList\",\"@id\":\"https:\/\/peoplesphere.be\/nl\/kwart-kmos-wil-dal-klimmen-nieuwe-aanwervingen-eerste-kwartaal-2021\/#breadcrumb\",\"itemListElement\":[{\"@type\":\"ListItem\",\"position\":1,\"name\":\"Accueil\",\"item\":\"https:\/\/peoplesphere.be\/nl\/\"},{\"@type\":\"ListItem\",\"position\":2,\"name\":\"Kwart van kmo\u2019s wil uit dal klimmen met nieuwe aanwervingen in eerste kwartaal 2021.\"}]},{\"@type\":\"WebSite\",\"@id\":\"https:\/\/peoplesphere.be\/nl\/#website\",\"url\":\"https:\/\/peoplesphere.be\/nl\/\",\"name\":\"Peoplesphere\",\"description\":\"The People Managers Magazine\",\"potentialAction\":[{\"@type\":\"SearchAction\",\"target\":{\"@type\":\"EntryPoint\",\"urlTemplate\":\"https:\/\/peoplesphere.be\/nl\/?s={search_term_string}\"},\"query-input\":\"required name=search_term_string\"}],\"inLanguage\":\"nl-NL\"},{\"@type\":\"Person\",\"@id\":\"https:\/\/peoplesphere.be\/nl\/#\/schema\/person\/0a1c21d8893dd9b9a2cd6e068b4e8cf5\",\"name\":\"Jean-Paul Erhard\",\"image\":{\"@type\":\"ImageObject\",\"inLanguage\":\"nl-NL\",\"@id\":\"https:\/\/peoplesphere.be\/nl\/#\/schema\/person\/image\/\",\"url\":\"https:\/\/secure.gravatar.com\/avatar\/f941e681460179738071629a51574930?s=96&d=mm&r=g\",\"contentUrl\":\"https:\/\/secure.gravatar.com\/avatar\/f941e681460179738071629a51574930?s=96&d=mm&r=g\",\"caption\":\"Jean-Paul Erhard\"},\"url\":\"https:\/\/peoplesphere.be\/nl\/author\/jpe\/\"}]}<\/script>\n<!-- \/ Yoast SEO plugin. -->","yoast_head_json":{"title":"Kwart van kmo\u2019s wil uit dal klimmen met nieuwe aanwervingen in eerste kwartaal 2021. - Peoplesphere","robots":{"index":"index","follow":"follow","max-snippet":"max-snippet:-1","max-image-preview":"max-image-preview:large","max-video-preview":"max-video-preview:-1"},"canonical":"https:\/\/peoplesphere.be\/nl\/kwart-kmos-wil-dal-klimmen-nieuwe-aanwervingen-eerste-kwartaal-2021\/","og_locale":"nl_NL","og_type":"article","og_title":"Kwart van kmo\u2019s wil uit dal klimmen met nieuwe aanwervingen in eerste kwartaal 2021. - Peoplesphere","og_description":"In het eerste kwartaal van 2021 wil een kwart van de Belgische kmo\u2019s (27,2%) opnieuw aanwerven: de klim uit het dal zet zich verder, vooral dankzij gestegen aanwervingsintenties bij kmo\u2019s in \u2018industrie en bouw\u2019 en in niet-essenti\u00eble sectoren. We zitten [&hellip;]","og_url":"https:\/\/peoplesphere.be\/nl\/kwart-kmos-wil-dal-klimmen-nieuwe-aanwervingen-eerste-kwartaal-2021\/","og_site_name":"Peoplesphere","article_publisher":"https:\/\/www.facebook.com\/peoplesphere","article_published_time":"2021-01-05T06:48:11+00:00","og_image":[{"url":"http:\/\/www.peoplesphere.be\/nl\/wp-content\/uploads\/2016\/07\/facebook-default-posting-1200x628px.jpg"}],"author":"Jean-Paul Erhard","twitter_card":"summary_large_image","twitter_creator":"@PeoplesphereMag","twitter_site":"@PeoplesphereMag","twitter_misc":{"Geschreven door":"Jean-Paul Erhard","Geschatte leestijd":"2 minuten"},"schema":{"@context":"https:\/\/schema.org","@graph":[{"@type":"WebPage","@id":"https:\/\/peoplesphere.be\/nl\/kwart-kmos-wil-dal-klimmen-nieuwe-aanwervingen-eerste-kwartaal-2021\/","url":"https:\/\/peoplesphere.be\/nl\/kwart-kmos-wil-dal-klimmen-nieuwe-aanwervingen-eerste-kwartaal-2021\/","name":"Kwart van kmo\u2019s wil uit dal klimmen met nieuwe aanwervingen in eerste kwartaal 2021. - Peoplesphere","isPartOf":{"@id":"https:\/\/peoplesphere.be\/nl\/#website"},"datePublished":"2021-01-05T06:48:11+00:00","dateModified":"2021-01-05T06:48:11+00:00","author":{"@id":"https:\/\/peoplesphere.be\/nl\/#\/schema\/person\/0a1c21d8893dd9b9a2cd6e068b4e8cf5"},"breadcrumb":{"@id":"https:\/\/peoplesphere.be\/nl\/kwart-kmos-wil-dal-klimmen-nieuwe-aanwervingen-eerste-kwartaal-2021\/#breadcrumb"},"inLanguage":"nl-NL","potentialAction":[{"@type":"ReadAction","target":["https:\/\/peoplesphere.be\/nl\/kwart-kmos-wil-dal-klimmen-nieuwe-aanwervingen-eerste-kwartaal-2021\/"]}]},{"@type":"BreadcrumbList","@id":"https:\/\/peoplesphere.be\/nl\/kwart-kmos-wil-dal-klimmen-nieuwe-aanwervingen-eerste-kwartaal-2021\/#breadcrumb","itemListElement":[{"@type":"ListItem","position":1,"name":"Accueil","item":"https:\/\/peoplesphere.be\/nl\/"},{"@type":"ListItem","position":2,"name":"Kwart van kmo\u2019s wil uit dal klimmen met nieuwe aanwervingen in eerste kwartaal 2021."}]},{"@type":"WebSite","@id":"https:\/\/peoplesphere.be\/nl\/#website","url":"https:\/\/peoplesphere.be\/nl\/","name":"Peoplesphere","description":"The People Managers Magazine","potentialAction":[{"@type":"SearchAction","target":{"@type":"EntryPoint","urlTemplate":"https:\/\/peoplesphere.be\/nl\/?s={search_term_string}"},"query-input":"required name=search_term_string"}],"inLanguage":"nl-NL"},{"@type":"Person","@id":"https:\/\/peoplesphere.be\/nl\/#\/schema\/person\/0a1c21d8893dd9b9a2cd6e068b4e8cf5","name":"Jean-Paul Erhard","image":{"@type":"ImageObject","inLanguage":"nl-NL","@id":"https:\/\/peoplesphere.be\/nl\/#\/schema\/person\/image\/","url":"https:\/\/secure.gravatar.com\/avatar\/f941e681460179738071629a51574930?s=96&d=mm&r=g","contentUrl":"https:\/\/secure.gravatar.com\/avatar\/f941e681460179738071629a51574930?s=96&d=mm&r=g","caption":"Jean-Paul Erhard"},"url":"https:\/\/peoplesphere.be\/nl\/author\/jpe\/"}]}},"_links":{"self":[{"href":"https:\/\/peoplesphere.be\/nl\/wp-json\/wp\/v2\/posts\/7161"}],"collection":[{"href":"https:\/\/peoplesphere.be\/nl\/wp-json\/wp\/v2\/posts"}],"about":[{"href":"https:\/\/peoplesphere.be\/nl\/wp-json\/wp\/v2\/types\/post"}],"author":[{"embeddable":true,"href":"https:\/\/peoplesphere.be\/nl\/wp-json\/wp\/v2\/users\/3"}],"replies":[{"embeddable":true,"href":"https:\/\/peoplesphere.be\/nl\/wp-json\/wp\/v2\/comments?post=7161"}],"version-history":[{"count":1,"href":"https:\/\/peoplesphere.be\/nl\/wp-json\/wp\/v2\/posts\/7161\/revisions"}],"predecessor-version":[{"id":7162,"href":"https:\/\/peoplesphere.be\/nl\/wp-json\/wp\/v2\/posts\/7161\/revisions\/7162"}],"wp:attachment":[{"href":"https:\/\/peoplesphere.be\/nl\/wp-json\/wp\/v2\/media?parent=7161"}],"wp:term":[{"taxonomy":"category","embeddable":true,"href":"https:\/\/peoplesphere.be\/nl\/wp-json\/wp\/v2\/categories?post=7161"},{"taxonomy":"post_tag","embeddable":true,"href":"https:\/\/peoplesphere.be\/nl\/wp-json\/wp\/v2\/tags?post=7161"}],"curies":[{"name":"wp","href":"https:\/\/api.w.org\/{rel}","templated":true}]}}