











{"id":745,"date":"2014-10-01T13:00:31","date_gmt":"2014-10-01T12:00:31","guid":{"rendered":"http:\/\/www.peoplesphere.be\/wpnl\/?p=745"},"modified":"2015-07-16T13:26:10","modified_gmt":"2015-07-16T12:26:10","slug":"tewerkstellingsvooruitzichten-eindelijk-de-goede-richting-uit","status":"publish","type":"post","link":"https:\/\/peoplesphere.be\/nl\/tewerkstellingsvooruitzichten-eindelijk-de-goede-richting-uit\/","title":{"rendered":"Tewerkstellingsvooruitzichten eindelijk de goede richting uit"},"content":{"rendered":"<h1>Waar vorig kwartaal nog 22,4% van de kmo\u2019s dachten aan aanwerven tijdens het volgende kwartaal, klokt dit cijfer nu af op 27,7%. Het is van september 2011 geleden dat we nog zo\u2019n hoog cijfer mochten optekenen. Toen gaf 26,7% van de kmo\u2019s aan dat ze het volgende kwartaal zouden aanwerven. Dat cijfer was toen een scherpe daling na kwartalenlang in de 30%-zone gezeten te hebben.<!--more--><\/h1>\n<p>De trendbreuk is de voornaamste conclusie uit de 17de tewerkstellingsenqu\u00eate van SD Worx. Toch verbergt het globale cijfer van 27,7% opmerkelijke verschillen. Deze verschillen situreren zich niet meteen op gewestelijk niveau (Walloni\u00eb scoort hoog met 31,9%, Vlaanderen volgt met 26,4% en Brussel klokt af op 23,8%) maar wel op provinciaal niveau. Zo is Oost-Vlaanderen zeer optimistisch met 34,4%, terwijl Limburg (19,7%) en West-Vlaanderen (18,8%) heel terughoudend zijn.<\/p>\n<p>Vergelijken we de cijfers van september 2014 met deze van de bevraging van september 2013, dan zien we dat Brussel minder, maar wederom Oost-Vlaanderen een pak meer goede vooruitzichten belooft. In deze provincie stijgt het cijfer van 15,1 naar 34,4 op \u00e9\u00e9n jaar tijd, waardoor Oost-Vlaanderen in \u00e9\u00e9n klap evolueert van de meest pessimistische tot de meest optimistische provincie.<\/p>\n<h2>Ook positieve tendens voor volgend jaar: 30% denkt te kunnen aanwerven<\/h2>\n<p>We vroegen de kmo\u2019s ook naar hun vooruitzichten voor 2015 en de resultaten van deze bevraging leveren ook positieve resultaten op. Niet minder dan 29,8 %van de werkgevers verwacht dat er binnen 15 maand meer medewerkers zullen zijn, en amper 10,7% vreest het met minder medewerkers te moeten stellen. Die 29,8% is een hoog cijfer. We moeten teruggaan naar december 2010 om zo\u2019n hoog cijfer terug te vinden. Bovendien is het verschil tussen het hoogste (29,8%) en het laagste (10,7%) cijfer met 19,1% ook significant. Amper \u00e9\u00e9n jaar geleden (juni 2013) hadden we zelfs nog negatieve cijfers.<\/p>\n<p>Ook hier krijgen we dezelfde tendens qua positivisme of negativisme in de verschillende regio\u2019s en provincies. Walloni\u00eb is uitermate positief met 36,4%, Limburg en West-Vlaanderen zijn voorzichter met cijfers rond 20%.<\/p>\n<h2>Voorzichtigheid over meer werk<\/h2>\n<p>Er heerst dus eindelijk een positieve sfeer rond de tewerkstelling na jaren van terughoudendheid. De verwachting rond \u2018meer werk\u2019 is echter minder positief. Waren er vorig kwartaal 24% van de bevraagde kmo\u2019s die in het komende kwartaal een toename van de hoeveelheid werk verwachtten, dan is dit nu met 25,4% quasi gelijk. De kmo\u2019s die minder werk verwachten zijn zelfs gelijk gebleven (14,9% tegen 14,8%). Ook hier merken we dezelfde trend op qua regio\u2019s en provincies: Walloni\u00eb ziet de vooruitzichten door een roze bril, Limburg en (vooral) West-Vlaanderen zijn zeer terughoudend. In deze laatste provincie zijn er zelfs beduidend meer kmo\u2019s die minder werk verwachten dan zij die meer werk verwachten (23,2% tegen 13,4%).<\/p>\n<p>In vergelijking met \u00e9\u00e9n jaar geleden is er wel een duidelijk verschil: toen waren er meer pessimisten (21,3%) dan optimisten (13,4%).<\/p>\n<p>Nu is het alleen nog wachten op de re\u00eble cijfers van de kmo-jobindex om te zien of het optimisme gewettigd is en of de voorzichtige houding van West-Vlaanderen en Limburg realiteit blijkt te zijn: in werkelijkheid scoren deze provincies steeds stukken beter dan dat ze verwachten.<\/p>\n","protected":false},"excerpt":{"rendered":"<p>Waar vorig kwartaal nog 22,4% van de kmo\u2019s dachten aan aanwerven tijdens het volgende kwartaal, klokt dit cijfer nu af op 27,7%. Het is van september 2011 geleden dat we nog zo\u2019n hoog cijfer mochten optekenen. Toen gaf 26,7% van [&hellip;]<\/p>\n","protected":false},"author":1,"featured_media":0,"comment_status":"open","ping_status":"open","sticky":false,"template":"","format":"standard","meta":[],"categories":[4],"tags":[39,19,21],"yoast_head":"<!-- This site is optimized with the Yoast SEO plugin v20.12 - https:\/\/yoast.com\/wordpress\/plugins\/seo\/ -->\n<title>Tewerkstellingsvooruitzichten eindelijk de goede richting uit - Peoplesphere<\/title>\n<meta name=\"robots\" content=\"index, follow, max-snippet:-1, max-image-preview:large, max-video-preview:-1\" \/>\n<link rel=\"canonical\" href=\"https:\/\/peoplesphere.be\/nl\/tewerkstellingsvooruitzichten-eindelijk-de-goede-richting-uit\/\" \/>\n<meta property=\"og:locale\" content=\"nl_NL\" \/>\n<meta property=\"og:type\" content=\"article\" \/>\n<meta property=\"og:title\" content=\"Tewerkstellingsvooruitzichten eindelijk de goede richting uit - Peoplesphere\" \/>\n<meta property=\"og:description\" content=\"Waar vorig kwartaal nog 22,4% van de kmo\u2019s dachten aan aanwerven tijdens het volgende kwartaal, klokt dit cijfer nu af op 27,7%. Het is van september 2011 geleden dat we nog zo\u2019n hoog cijfer mochten optekenen. Toen gaf 26,7% van [&hellip;]\" \/>\n<meta property=\"og:url\" content=\"https:\/\/peoplesphere.be\/nl\/tewerkstellingsvooruitzichten-eindelijk-de-goede-richting-uit\/\" \/>\n<meta property=\"og:site_name\" content=\"Peoplesphere\" \/>\n<meta property=\"article:publisher\" content=\"https:\/\/www.facebook.com\/peoplesphere\" \/>\n<meta property=\"article:published_time\" content=\"2014-10-01T12:00:31+00:00\" \/>\n<meta property=\"article:modified_time\" content=\"2015-07-16T12:26:10+00:00\" \/>\n<meta property=\"og:image\" content=\"http:\/\/www.peoplesphere.be\/nl\/wp-content\/uploads\/2016\/07\/facebook-default-posting-1200x628px.jpg\" \/>\n<meta name=\"author\" content=\"admin\" \/>\n<meta name=\"twitter:card\" content=\"summary_large_image\" \/>\n<meta name=\"twitter:creator\" content=\"@PeoplesphereMag\" \/>\n<meta name=\"twitter:site\" content=\"@PeoplesphereMag\" \/>\n<meta name=\"twitter:label1\" content=\"Geschreven door\" \/>\n\t<meta name=\"twitter:data1\" content=\"admin\" \/>\n\t<meta name=\"twitter:label2\" content=\"Geschatte leestijd\" \/>\n\t<meta name=\"twitter:data2\" content=\"2 minuten\" \/>\n<script type=\"application\/ld+json\" class=\"yoast-schema-graph\">{\"@context\":\"https:\/\/schema.org\",\"@graph\":[{\"@type\":\"WebPage\",\"@id\":\"https:\/\/peoplesphere.be\/nl\/tewerkstellingsvooruitzichten-eindelijk-de-goede-richting-uit\/\",\"url\":\"https:\/\/peoplesphere.be\/nl\/tewerkstellingsvooruitzichten-eindelijk-de-goede-richting-uit\/\",\"name\":\"Tewerkstellingsvooruitzichten eindelijk de goede richting uit - Peoplesphere\",\"isPartOf\":{\"@id\":\"https:\/\/peoplesphere.be\/nl\/#website\"},\"datePublished\":\"2014-10-01T12:00:31+00:00\",\"dateModified\":\"2015-07-16T12:26:10+00:00\",\"author\":{\"@id\":\"https:\/\/peoplesphere.be\/nl\/#\/schema\/person\/a5cdce1fe1f107beb332bf4b0ad53b5d\"},\"breadcrumb\":{\"@id\":\"https:\/\/peoplesphere.be\/nl\/tewerkstellingsvooruitzichten-eindelijk-de-goede-richting-uit\/#breadcrumb\"},\"inLanguage\":\"nl-NL\",\"potentialAction\":[{\"@type\":\"ReadAction\",\"target\":[\"https:\/\/peoplesphere.be\/nl\/tewerkstellingsvooruitzichten-eindelijk-de-goede-richting-uit\/\"]}]},{\"@type\":\"BreadcrumbList\",\"@id\":\"https:\/\/peoplesphere.be\/nl\/tewerkstellingsvooruitzichten-eindelijk-de-goede-richting-uit\/#breadcrumb\",\"itemListElement\":[{\"@type\":\"ListItem\",\"position\":1,\"name\":\"Accueil\",\"item\":\"https:\/\/peoplesphere.be\/nl\/\"},{\"@type\":\"ListItem\",\"position\":2,\"name\":\"Tewerkstellingsvooruitzichten eindelijk de goede richting uit\"}]},{\"@type\":\"WebSite\",\"@id\":\"https:\/\/peoplesphere.be\/nl\/#website\",\"url\":\"https:\/\/peoplesphere.be\/nl\/\",\"name\":\"Peoplesphere\",\"description\":\"The People Managers Magazine\",\"potentialAction\":[{\"@type\":\"SearchAction\",\"target\":{\"@type\":\"EntryPoint\",\"urlTemplate\":\"https:\/\/peoplesphere.be\/nl\/?s={search_term_string}\"},\"query-input\":\"required name=search_term_string\"}],\"inLanguage\":\"nl-NL\"},{\"@type\":\"Person\",\"@id\":\"https:\/\/peoplesphere.be\/nl\/#\/schema\/person\/a5cdce1fe1f107beb332bf4b0ad53b5d\",\"name\":\"admin\",\"image\":{\"@type\":\"ImageObject\",\"inLanguage\":\"nl-NL\",\"@id\":\"https:\/\/peoplesphere.be\/nl\/#\/schema\/person\/image\/\",\"url\":\"https:\/\/secure.gravatar.com\/avatar\/d20f4a44ec8508c3a90cb5021a329512?s=96&d=mm&r=g\",\"contentUrl\":\"https:\/\/secure.gravatar.com\/avatar\/d20f4a44ec8508c3a90cb5021a329512?s=96&d=mm&r=g\",\"caption\":\"admin\"},\"url\":\"https:\/\/peoplesphere.be\/nl\/author\/admin\/\"}]}<\/script>\n<!-- \/ Yoast SEO plugin. -->","yoast_head_json":{"title":"Tewerkstellingsvooruitzichten eindelijk de goede richting uit - Peoplesphere","robots":{"index":"index","follow":"follow","max-snippet":"max-snippet:-1","max-image-preview":"max-image-preview:large","max-video-preview":"max-video-preview:-1"},"canonical":"https:\/\/peoplesphere.be\/nl\/tewerkstellingsvooruitzichten-eindelijk-de-goede-richting-uit\/","og_locale":"nl_NL","og_type":"article","og_title":"Tewerkstellingsvooruitzichten eindelijk de goede richting uit - Peoplesphere","og_description":"Waar vorig kwartaal nog 22,4% van de kmo\u2019s dachten aan aanwerven tijdens het volgende kwartaal, klokt dit cijfer nu af op 27,7%. Het is van september 2011 geleden dat we nog zo\u2019n hoog cijfer mochten optekenen. Toen gaf 26,7% van [&hellip;]","og_url":"https:\/\/peoplesphere.be\/nl\/tewerkstellingsvooruitzichten-eindelijk-de-goede-richting-uit\/","og_site_name":"Peoplesphere","article_publisher":"https:\/\/www.facebook.com\/peoplesphere","article_published_time":"2014-10-01T12:00:31+00:00","article_modified_time":"2015-07-16T12:26:10+00:00","og_image":[{"url":"http:\/\/www.peoplesphere.be\/nl\/wp-content\/uploads\/2016\/07\/facebook-default-posting-1200x628px.jpg"}],"author":"admin","twitter_card":"summary_large_image","twitter_creator":"@PeoplesphereMag","twitter_site":"@PeoplesphereMag","twitter_misc":{"Geschreven door":"admin","Geschatte leestijd":"2 minuten"},"schema":{"@context":"https:\/\/schema.org","@graph":[{"@type":"WebPage","@id":"https:\/\/peoplesphere.be\/nl\/tewerkstellingsvooruitzichten-eindelijk-de-goede-richting-uit\/","url":"https:\/\/peoplesphere.be\/nl\/tewerkstellingsvooruitzichten-eindelijk-de-goede-richting-uit\/","name":"Tewerkstellingsvooruitzichten eindelijk de goede richting uit - Peoplesphere","isPartOf":{"@id":"https:\/\/peoplesphere.be\/nl\/#website"},"datePublished":"2014-10-01T12:00:31+00:00","dateModified":"2015-07-16T12:26:10+00:00","author":{"@id":"https:\/\/peoplesphere.be\/nl\/#\/schema\/person\/a5cdce1fe1f107beb332bf4b0ad53b5d"},"breadcrumb":{"@id":"https:\/\/peoplesphere.be\/nl\/tewerkstellingsvooruitzichten-eindelijk-de-goede-richting-uit\/#breadcrumb"},"inLanguage":"nl-NL","potentialAction":[{"@type":"ReadAction","target":["https:\/\/peoplesphere.be\/nl\/tewerkstellingsvooruitzichten-eindelijk-de-goede-richting-uit\/"]}]},{"@type":"BreadcrumbList","@id":"https:\/\/peoplesphere.be\/nl\/tewerkstellingsvooruitzichten-eindelijk-de-goede-richting-uit\/#breadcrumb","itemListElement":[{"@type":"ListItem","position":1,"name":"Accueil","item":"https:\/\/peoplesphere.be\/nl\/"},{"@type":"ListItem","position":2,"name":"Tewerkstellingsvooruitzichten eindelijk de goede richting uit"}]},{"@type":"WebSite","@id":"https:\/\/peoplesphere.be\/nl\/#website","url":"https:\/\/peoplesphere.be\/nl\/","name":"Peoplesphere","description":"The People Managers Magazine","potentialAction":[{"@type":"SearchAction","target":{"@type":"EntryPoint","urlTemplate":"https:\/\/peoplesphere.be\/nl\/?s={search_term_string}"},"query-input":"required name=search_term_string"}],"inLanguage":"nl-NL"},{"@type":"Person","@id":"https:\/\/peoplesphere.be\/nl\/#\/schema\/person\/a5cdce1fe1f107beb332bf4b0ad53b5d","name":"admin","image":{"@type":"ImageObject","inLanguage":"nl-NL","@id":"https:\/\/peoplesphere.be\/nl\/#\/schema\/person\/image\/","url":"https:\/\/secure.gravatar.com\/avatar\/d20f4a44ec8508c3a90cb5021a329512?s=96&d=mm&r=g","contentUrl":"https:\/\/secure.gravatar.com\/avatar\/d20f4a44ec8508c3a90cb5021a329512?s=96&d=mm&r=g","caption":"admin"},"url":"https:\/\/peoplesphere.be\/nl\/author\/admin\/"}]}},"_links":{"self":[{"href":"https:\/\/peoplesphere.be\/nl\/wp-json\/wp\/v2\/posts\/745"}],"collection":[{"href":"https:\/\/peoplesphere.be\/nl\/wp-json\/wp\/v2\/posts"}],"about":[{"href":"https:\/\/peoplesphere.be\/nl\/wp-json\/wp\/v2\/types\/post"}],"author":[{"embeddable":true,"href":"https:\/\/peoplesphere.be\/nl\/wp-json\/wp\/v2\/users\/1"}],"replies":[{"embeddable":true,"href":"https:\/\/peoplesphere.be\/nl\/wp-json\/wp\/v2\/comments?post=745"}],"version-history":[{"count":1,"href":"https:\/\/peoplesphere.be\/nl\/wp-json\/wp\/v2\/posts\/745\/revisions"}],"predecessor-version":[{"id":746,"href":"https:\/\/peoplesphere.be\/nl\/wp-json\/wp\/v2\/posts\/745\/revisions\/746"}],"wp:attachment":[{"href":"https:\/\/peoplesphere.be\/nl\/wp-json\/wp\/v2\/media?parent=745"}],"wp:term":[{"taxonomy":"category","embeddable":true,"href":"https:\/\/peoplesphere.be\/nl\/wp-json\/wp\/v2\/categories?post=745"},{"taxonomy":"post_tag","embeddable":true,"href":"https:\/\/peoplesphere.be\/nl\/wp-json\/wp\/v2\/tags?post=745"}],"curies":[{"name":"wp","href":"https:\/\/api.w.org\/{rel}","templated":true}]}}