











{"id":7612,"date":"2021-04-28T05:55:07","date_gmt":"2021-04-28T04:55:07","guid":{"rendered":"https:\/\/peoplesphere.be\/nl\/?p=7612"},"modified":"2021-04-28T07:51:52","modified_gmt":"2021-04-28T06:51:52","slug":"macro-economische-impact-paaspauze-is-beperkt-verwachtingen-verwachtingen-werkgelegenheid-verslechteren","status":"publish","type":"post","link":"https:\/\/peoplesphere.be\/nl\/macro-economische-impact-paaspauze-is-beperkt-verwachtingen-verwachtingen-werkgelegenheid-verslechteren\/","title":{"rendered":"Macro-economische impact van de paaspauze is beperkt maar de verwachtingen voor de werkgelegenheid verslechteren."},"content":{"rendered":"<p>Het omzetverlies van de Belgische ondernemingen als gevolg van de coronacrisis is slechts licht toegenomen, van 9 % in maart tot 10 % in april. Voor de meeste bedrijfstakken blijft de omzet relatief stabiel, maar het omzetverlies is sterk gestegen in de niet-voedingswinkels en vooral de niet-medische contactberoepen, die beide getroffen werden door de aanscherping van de beperkende maatregelen tijdens de paaspauze.<!--more--><\/p>\n<p>Zeker in de bouw en de industrie verschuift de focus ondertussen meer en meer naar de aanbodproblemen. De verwachtingen ten aanzien van de omzet voor 2021 en 2022 blijven overwegend stabiel. Dat blijkt uit de nieuwe ERMG-enqu\u00eate bij de Belgische ondernemingen, die begin vorige week werd afgenomen. De investeringen van grote ondernemingen worden relatief minder geraakt door de coronacrisis, terwijl de vragen naar het verloop van specifieke investeringscategorie\u00ebn in 2021 vooral de impact van veranderende arbeidsprocessen en meer bepaald telewerk tonen.<\/p>\n<p>De enqu\u00eate van april werd afgenomen tussen 19 en 21 april. Dat is tijdens de laatste week van de paaspauze, waarbij de scholen al waren heropgestart, maar de niet-medische contactberoepen nog verplicht gesloten waren en de niet\u2011essenti\u00eble winkels nog op afspraak moesten werken. De resultaten weerspiegelen dus nog niet de opheffing van deze maatregelen sinds 26 april, noch de beslissingen van het Overlegcomit\u00e9 van 23 april over de geplande versoepelingen.<\/p>\n<p><strong><em>De Belgische ondernemingen rapporteren een lichte verslechtering van hun omzet<\/em><\/strong><\/p>\n<p>Rekening houdend met de grootte van de ondernemingen en met de sectorale toegevoegde waarde, rapporteren de vorige week bevraagde ondernemingen een daling van hun huidige omzet met 10% ten opzichte van de normale waarde. Dat komt neer op een lichte verslechtering ten opzichte van de enqu\u00eate van maart, die werd afgenomen v\u00f3\u00f3r de paaspauze. Het omzetverlies is opnieuw duidelijk hoger in het Brussels Hoofdstedelijk Gewest (\u201114%) en is deze enqu\u00eate dicht bij het nationale gemiddelde in het Waals Gewest en in het Vlaams Gewest.<\/p>\n<p>Het omzetverlies is deze maand sterk opgelopen voor de niet-medische contactberoepen en de niet\u2011voedingswinkels, van 38% en 16% in de enqu\u00eate van maart tot respectievelijk 84% en 23% in die van april. Dat is natuurlijk te wijten aan de verplichte sluiting van de niet-medische contactberoepen en de verplichting om in niet\u2011essenti\u00eble winkels op afspraak te winkelen tijdens de paaspauze. De opheffing van deze maatregelen sinds begin deze week zal ongetwijfeld leiden tot een herstel voor deze bedrijfstakken.<\/p>\n<p>In de andere bedrijfstakken, waarvoor de beperkende maatregelen ongewijzigd bleven, is het omzetverlies sinds de vorige enqu\u00eate relatief weinig veranderd. Het omzetverlies blijft dus heel groot voor de reisbureaus (93%), de sector kunst, amusement en recreatie (80%), de horeca (67%) en het wegvervoer van personen (41%), terwijl het voor de andere sectoren ongeveer gelijk aan, of lager dan het nationale gemiddelde blijft.<\/p>\n<p>Terwijl de vraag een sterk herstel vertoont, wordt in bepaalde branches van de industrie (computers, elektronische en optische producten, machines en elektrische apparatuur, meubels en transportapparatuur), alsook de bouw en de groothandel sinds februari in stijgende mate naar toeleveringsproblemen verwezen als oorzaak voor de omzetdaling. Dit wordt gemeld door nu al meer dan 25% van de respondenten in deze bedrijfstakken en houdt allicht verband met de wereldwijde tekorten aan bepaalde intermediaire inputs, zoals halfgeleiders, maar wellicht ook met de enorme vraag naar en de vertragingen in het zeecontainertransport. In de industrie en vooral de bouw ligt overigens ook het aantal respondenten (met respectievelijk 7% en 12%) dat een personeelstekort vermeldt als reden voor het omzetverlies duidelijk hoger dan het nationale gemiddelde (5%).<\/p>\n<p><strong><em>De verwachtingen over de omzet en faillissementen blijven stabiel maar die voor de werkgelegenheid verslechteren licht<\/em><\/strong><\/p>\n<p>Voor het hele jaar 2021 verwachten de bevraagde ondernemingen dat de verkoop 8% lager zal liggen dan wat het geval zou zijn geweest zonder coronacrisis, terwijl het verlies in 2022 nog 3% zou belopen. Die percentages zijn vergelijkbaar met die van de enqu\u00eate van maart. De vooruitzichten op een heropening van de terrassen voor caf\u00e9s en restaurants hebben gezorgd voor een lichte verbetering van het verwachte omzetverlies in de horeca voor het lopende jaar, maar dat blijft met 51% nog steeds heel groot. De prognoses zijn evenwel verslechterd voor de niet-medische contactberoepen, die in de enqu\u00eate van maart niet verwacht hadden weer te moeten sluiten. Ook voor de sector kunst, amusement en recreatie zijn de vooruitzichten voor dit en volgend jaar aanzienlijk verslechterd: voor 2021 stijgt het verwachte omzetverlies van 51% in de enqu\u00eate van maart tot 70% nu; voor 2022 is het verwachte omzetverlies vergroot van 22% tot 28%.<\/p>\n<p>Ook het aandeel van de respondenten die verwachten tijdens de komende zes maanden failliet te gaan, is relatief stabiel gebleven op zowat 5% in april. Dat cijfer is opnieuw substantieel hoger voor de horeca (17%) en de bedrijfstak kunst, amusement en recreatie (10%).<\/p>\n<p>De werkgelegenheidsvooruitzichten in de private sector zijn enigszins verslechterd, al blijven die heel volatiel in deze ERMG-enqu\u00eates. De door de ondernemingen gerapporteerde verwachte verandering van hun aantal werknemers in 2021 toont nu een nettodaling met 0.2 %, wat overeenkomt met 6 000 werknemers. Dat is een verslechtering ten opzichte van de enqu\u00eate van maart, toen er een globale stijging met 14 000 werknemers verwacht werd. Het totale cijfer verbergt evenwel sterke verschillen tussen de bedrijfstakken. Terwijl het aantal werknemers met meer dan 10 % zal afnemen in de zwaarst getroffen bedrijfstakken, wordt dit grotendeels gecompenseerd door een nettotoename van het aantal werknemers in enkele grote bedrijfstakken, met name de ondersteunende diensten, de industrie, de bouwnijverheid en de bedrijfstak informatie en communicatie. De uiteindelijke impact op de werkgelegenheid zal evenwel ook afhangen van het succes waarmee het arbeidsmarktbeleid transities tussen bedrijfstakken zal kunnen faciliteren.<\/p>\n<p><em><strong>Grote bedrijven schroeven hun investeringen in beperktere mate terug<\/strong><\/em><\/p>\n<p>Gemiddeld beschouwd gaan de bevraagde ondernemingen ervan uit dat hun investeringen als gevolg van de coronacrisis in 2021 en 2022 respectievelijk 19 % en 13 % lager zullen zijn, dat is een lichte verslechtering ten opzichte van maart. De verwachte daling van de investeringen ten opzichte van de normale waarde is evenwel veel beperkter voor de ondernemingen met meer dan 50 werknemers in dienst, namelijk gemiddeld -9 % in 2021 en -5 % in 2022 (tegen gemiddeld -25 % en -17 % voor de ondernemingen met maximaal 50 werknemers in dienst). Dat kan te maken hebben met het kleinere omzetverlies, de ruimere financi\u00eble reserves en de diversiteit van financieringsbronnen van de grote ondernemingen.<\/p>\n<p>In deze enqu\u00eate van april werd er ook specifiek gepeild naar de verwachte impact van de coronacrisis in 2021 per investeringscategorie. Uit de antwoorden blijkt vooral de invloed van de veranderende arbeidsprocessen en met name het telewerk. Afgaand op de verhouding tussen de respondenten die een daling en zij die een stijging rapporteren, hebben de investeringen die in 2021 het vaakst worden teruggeschroefd door de coronacrisis, vooral betrekking op kantoorgebouwen en -inrichting, en ook vervoer. Hoewel de vraag specifiek betrekking had op 2021, kan dit een meer persistente impact van de coronacrisis zijn: ook uit de vorige enqu\u00eate bleek al dat ondernemingen hun kantoorruimte zullen terugschroeven omdat telewerk structureel belangrijk zal blijven. De netto-afname voor machines en andere uitrusting heeft allicht veeleer te maken met de nog bestaande onzekerheid en is mogelijk meer tijdelijk van aard.<\/p>\n<p>Bemoedigend is dat investeringen in onderzoek en ontwikkeling (R&amp;D) en in ICT en software beter standhouden. Dat is overigens vooral het geval voor de grotere ondernemingen, die ook een belangrijker aandeel hebben in de totale investeringen. Ondernemingen met meer dan 50 werknemers rapporteren zelfs relatief meer dat hun investeringen in deze categorie\u00ebn ook in 2021 zullen toenemen.<\/p>\n<p>&nbsp;<\/p>\n<p><em>Bron : ERMG &#8211; Vorige week hebben verscheidene federaties die de ondernemingen en de zelfstandigen vertegenwoordigen (BECI, NSZ, UCM, UNIZO, UWE en VOKA) een nieuwe ERMG-enqu\u00eate gehouden. Dat initiatief wordt geco\u00f6rdineerd door de NBB en het VBO. Het was de twintigste in een reeks enqu\u00eates die sinds maart 2020 worden gehouden om na te gaan welke impact de coronacrisis en de beperkende maatregelen hebben op de economische bedrijvigheid en op de financi\u00eble gezondheid van de ondernemingen. In totaal namen 3 334 ondernemingen en zelfstandigen aan de enqu\u00eate van vorige week deel.<\/em><\/p>\n","protected":false},"excerpt":{"rendered":"<p>Het omzetverlies van de Belgische ondernemingen als gevolg van de coronacrisis is slechts licht toegenomen, van 9 % in maart tot 10 % in april. Voor de meeste bedrijfstakken blijft de omzet relatief stabiel, maar het omzetverlies is sterk gestegen [&hellip;]<\/p>\n","protected":false},"author":3,"featured_media":0,"comment_status":"open","ping_status":"open","sticky":false,"template":"","format":"standard","meta":[],"categories":[3,4],"tags":[2369,1765,2671,211],"yoast_head":"<!-- This site is optimized with the Yoast SEO plugin v20.12 - https:\/\/yoast.com\/wordpress\/plugins\/seo\/ -->\n<title>Macro-economische impact van de paaspauze is beperkt maar de verwachtingen voor de werkgelegenheid verslechteren. - Peoplesphere<\/title>\n<meta name=\"robots\" content=\"index, follow, max-snippet:-1, max-image-preview:large, max-video-preview:-1\" \/>\n<link rel=\"canonical\" href=\"https:\/\/peoplesphere.be\/nl\/macro-economische-impact-paaspauze-is-beperkt-verwachtingen-verwachtingen-werkgelegenheid-verslechteren\/\" \/>\n<meta property=\"og:locale\" content=\"nl_NL\" \/>\n<meta property=\"og:type\" content=\"article\" \/>\n<meta property=\"og:title\" content=\"Macro-economische impact van de paaspauze is beperkt maar de verwachtingen voor de werkgelegenheid verslechteren. - Peoplesphere\" \/>\n<meta property=\"og:description\" content=\"Het omzetverlies van de Belgische ondernemingen als gevolg van de coronacrisis is slechts licht toegenomen, van 9 % in maart tot 10 % in april. Voor de meeste bedrijfstakken blijft de omzet relatief stabiel, maar het omzetverlies is sterk gestegen [&hellip;]\" \/>\n<meta property=\"og:url\" content=\"https:\/\/peoplesphere.be\/nl\/macro-economische-impact-paaspauze-is-beperkt-verwachtingen-verwachtingen-werkgelegenheid-verslechteren\/\" \/>\n<meta property=\"og:site_name\" content=\"Peoplesphere\" \/>\n<meta property=\"article:publisher\" content=\"https:\/\/www.facebook.com\/peoplesphere\" \/>\n<meta property=\"article:published_time\" content=\"2021-04-28T04:55:07+00:00\" \/>\n<meta property=\"article:modified_time\" content=\"2021-04-28T06:51:52+00:00\" \/>\n<meta property=\"og:image\" content=\"http:\/\/www.peoplesphere.be\/nl\/wp-content\/uploads\/2016\/07\/facebook-default-posting-1200x628px.jpg\" \/>\n<meta name=\"author\" content=\"Jean-Paul Erhard\" \/>\n<meta name=\"twitter:card\" content=\"summary_large_image\" \/>\n<meta name=\"twitter:creator\" content=\"@PeoplesphereMag\" \/>\n<meta name=\"twitter:site\" content=\"@PeoplesphereMag\" \/>\n<meta name=\"twitter:label1\" content=\"Geschreven door\" \/>\n\t<meta name=\"twitter:data1\" content=\"Jean-Paul Erhard\" \/>\n\t<meta name=\"twitter:label2\" content=\"Geschatte leestijd\" \/>\n\t<meta name=\"twitter:data2\" content=\"6 minuten\" \/>\n<script type=\"application\/ld+json\" class=\"yoast-schema-graph\">{\"@context\":\"https:\/\/schema.org\",\"@graph\":[{\"@type\":\"WebPage\",\"@id\":\"https:\/\/peoplesphere.be\/nl\/macro-economische-impact-paaspauze-is-beperkt-verwachtingen-verwachtingen-werkgelegenheid-verslechteren\/\",\"url\":\"https:\/\/peoplesphere.be\/nl\/macro-economische-impact-paaspauze-is-beperkt-verwachtingen-verwachtingen-werkgelegenheid-verslechteren\/\",\"name\":\"Macro-economische impact van de paaspauze is beperkt maar de verwachtingen voor de werkgelegenheid verslechteren. - Peoplesphere\",\"isPartOf\":{\"@id\":\"https:\/\/peoplesphere.be\/nl\/#website\"},\"datePublished\":\"2021-04-28T04:55:07+00:00\",\"dateModified\":\"2021-04-28T06:51:52+00:00\",\"author\":{\"@id\":\"https:\/\/peoplesphere.be\/nl\/#\/schema\/person\/0a1c21d8893dd9b9a2cd6e068b4e8cf5\"},\"breadcrumb\":{\"@id\":\"https:\/\/peoplesphere.be\/nl\/macro-economische-impact-paaspauze-is-beperkt-verwachtingen-verwachtingen-werkgelegenheid-verslechteren\/#breadcrumb\"},\"inLanguage\":\"nl-NL\",\"potentialAction\":[{\"@type\":\"ReadAction\",\"target\":[\"https:\/\/peoplesphere.be\/nl\/macro-economische-impact-paaspauze-is-beperkt-verwachtingen-verwachtingen-werkgelegenheid-verslechteren\/\"]}]},{\"@type\":\"BreadcrumbList\",\"@id\":\"https:\/\/peoplesphere.be\/nl\/macro-economische-impact-paaspauze-is-beperkt-verwachtingen-verwachtingen-werkgelegenheid-verslechteren\/#breadcrumb\",\"itemListElement\":[{\"@type\":\"ListItem\",\"position\":1,\"name\":\"Accueil\",\"item\":\"https:\/\/peoplesphere.be\/nl\/\"},{\"@type\":\"ListItem\",\"position\":2,\"name\":\"Macro-economische impact van de paaspauze is beperkt maar de verwachtingen voor de werkgelegenheid verslechteren.\"}]},{\"@type\":\"WebSite\",\"@id\":\"https:\/\/peoplesphere.be\/nl\/#website\",\"url\":\"https:\/\/peoplesphere.be\/nl\/\",\"name\":\"Peoplesphere\",\"description\":\"The People Managers Magazine\",\"potentialAction\":[{\"@type\":\"SearchAction\",\"target\":{\"@type\":\"EntryPoint\",\"urlTemplate\":\"https:\/\/peoplesphere.be\/nl\/?s={search_term_string}\"},\"query-input\":\"required name=search_term_string\"}],\"inLanguage\":\"nl-NL\"},{\"@type\":\"Person\",\"@id\":\"https:\/\/peoplesphere.be\/nl\/#\/schema\/person\/0a1c21d8893dd9b9a2cd6e068b4e8cf5\",\"name\":\"Jean-Paul Erhard\",\"image\":{\"@type\":\"ImageObject\",\"inLanguage\":\"nl-NL\",\"@id\":\"https:\/\/peoplesphere.be\/nl\/#\/schema\/person\/image\/\",\"url\":\"https:\/\/secure.gravatar.com\/avatar\/f941e681460179738071629a51574930?s=96&d=mm&r=g\",\"contentUrl\":\"https:\/\/secure.gravatar.com\/avatar\/f941e681460179738071629a51574930?s=96&d=mm&r=g\",\"caption\":\"Jean-Paul Erhard\"},\"url\":\"https:\/\/peoplesphere.be\/nl\/author\/jpe\/\"}]}<\/script>\n<!-- \/ Yoast SEO plugin. -->","yoast_head_json":{"title":"Macro-economische impact van de paaspauze is beperkt maar de verwachtingen voor de werkgelegenheid verslechteren. - Peoplesphere","robots":{"index":"index","follow":"follow","max-snippet":"max-snippet:-1","max-image-preview":"max-image-preview:large","max-video-preview":"max-video-preview:-1"},"canonical":"https:\/\/peoplesphere.be\/nl\/macro-economische-impact-paaspauze-is-beperkt-verwachtingen-verwachtingen-werkgelegenheid-verslechteren\/","og_locale":"nl_NL","og_type":"article","og_title":"Macro-economische impact van de paaspauze is beperkt maar de verwachtingen voor de werkgelegenheid verslechteren. - Peoplesphere","og_description":"Het omzetverlies van de Belgische ondernemingen als gevolg van de coronacrisis is slechts licht toegenomen, van 9 % in maart tot 10 % in april. Voor de meeste bedrijfstakken blijft de omzet relatief stabiel, maar het omzetverlies is sterk gestegen [&hellip;]","og_url":"https:\/\/peoplesphere.be\/nl\/macro-economische-impact-paaspauze-is-beperkt-verwachtingen-verwachtingen-werkgelegenheid-verslechteren\/","og_site_name":"Peoplesphere","article_publisher":"https:\/\/www.facebook.com\/peoplesphere","article_published_time":"2021-04-28T04:55:07+00:00","article_modified_time":"2021-04-28T06:51:52+00:00","og_image":[{"url":"http:\/\/www.peoplesphere.be\/nl\/wp-content\/uploads\/2016\/07\/facebook-default-posting-1200x628px.jpg"}],"author":"Jean-Paul Erhard","twitter_card":"summary_large_image","twitter_creator":"@PeoplesphereMag","twitter_site":"@PeoplesphereMag","twitter_misc":{"Geschreven door":"Jean-Paul Erhard","Geschatte leestijd":"6 minuten"},"schema":{"@context":"https:\/\/schema.org","@graph":[{"@type":"WebPage","@id":"https:\/\/peoplesphere.be\/nl\/macro-economische-impact-paaspauze-is-beperkt-verwachtingen-verwachtingen-werkgelegenheid-verslechteren\/","url":"https:\/\/peoplesphere.be\/nl\/macro-economische-impact-paaspauze-is-beperkt-verwachtingen-verwachtingen-werkgelegenheid-verslechteren\/","name":"Macro-economische impact van de paaspauze is beperkt maar de verwachtingen voor de werkgelegenheid verslechteren. - Peoplesphere","isPartOf":{"@id":"https:\/\/peoplesphere.be\/nl\/#website"},"datePublished":"2021-04-28T04:55:07+00:00","dateModified":"2021-04-28T06:51:52+00:00","author":{"@id":"https:\/\/peoplesphere.be\/nl\/#\/schema\/person\/0a1c21d8893dd9b9a2cd6e068b4e8cf5"},"breadcrumb":{"@id":"https:\/\/peoplesphere.be\/nl\/macro-economische-impact-paaspauze-is-beperkt-verwachtingen-verwachtingen-werkgelegenheid-verslechteren\/#breadcrumb"},"inLanguage":"nl-NL","potentialAction":[{"@type":"ReadAction","target":["https:\/\/peoplesphere.be\/nl\/macro-economische-impact-paaspauze-is-beperkt-verwachtingen-verwachtingen-werkgelegenheid-verslechteren\/"]}]},{"@type":"BreadcrumbList","@id":"https:\/\/peoplesphere.be\/nl\/macro-economische-impact-paaspauze-is-beperkt-verwachtingen-verwachtingen-werkgelegenheid-verslechteren\/#breadcrumb","itemListElement":[{"@type":"ListItem","position":1,"name":"Accueil","item":"https:\/\/peoplesphere.be\/nl\/"},{"@type":"ListItem","position":2,"name":"Macro-economische impact van de paaspauze is beperkt maar de verwachtingen voor de werkgelegenheid verslechteren."}]},{"@type":"WebSite","@id":"https:\/\/peoplesphere.be\/nl\/#website","url":"https:\/\/peoplesphere.be\/nl\/","name":"Peoplesphere","description":"The People Managers Magazine","potentialAction":[{"@type":"SearchAction","target":{"@type":"EntryPoint","urlTemplate":"https:\/\/peoplesphere.be\/nl\/?s={search_term_string}"},"query-input":"required name=search_term_string"}],"inLanguage":"nl-NL"},{"@type":"Person","@id":"https:\/\/peoplesphere.be\/nl\/#\/schema\/person\/0a1c21d8893dd9b9a2cd6e068b4e8cf5","name":"Jean-Paul Erhard","image":{"@type":"ImageObject","inLanguage":"nl-NL","@id":"https:\/\/peoplesphere.be\/nl\/#\/schema\/person\/image\/","url":"https:\/\/secure.gravatar.com\/avatar\/f941e681460179738071629a51574930?s=96&d=mm&r=g","contentUrl":"https:\/\/secure.gravatar.com\/avatar\/f941e681460179738071629a51574930?s=96&d=mm&r=g","caption":"Jean-Paul Erhard"},"url":"https:\/\/peoplesphere.be\/nl\/author\/jpe\/"}]}},"_links":{"self":[{"href":"https:\/\/peoplesphere.be\/nl\/wp-json\/wp\/v2\/posts\/7612"}],"collection":[{"href":"https:\/\/peoplesphere.be\/nl\/wp-json\/wp\/v2\/posts"}],"about":[{"href":"https:\/\/peoplesphere.be\/nl\/wp-json\/wp\/v2\/types\/post"}],"author":[{"embeddable":true,"href":"https:\/\/peoplesphere.be\/nl\/wp-json\/wp\/v2\/users\/3"}],"replies":[{"embeddable":true,"href":"https:\/\/peoplesphere.be\/nl\/wp-json\/wp\/v2\/comments?post=7612"}],"version-history":[{"count":4,"href":"https:\/\/peoplesphere.be\/nl\/wp-json\/wp\/v2\/posts\/7612\/revisions"}],"predecessor-version":[{"id":7619,"href":"https:\/\/peoplesphere.be\/nl\/wp-json\/wp\/v2\/posts\/7612\/revisions\/7619"}],"wp:attachment":[{"href":"https:\/\/peoplesphere.be\/nl\/wp-json\/wp\/v2\/media?parent=7612"}],"wp:term":[{"taxonomy":"category","embeddable":true,"href":"https:\/\/peoplesphere.be\/nl\/wp-json\/wp\/v2\/categories?post=7612"},{"taxonomy":"post_tag","embeddable":true,"href":"https:\/\/peoplesphere.be\/nl\/wp-json\/wp\/v2\/tags?post=7612"}],"curies":[{"name":"wp","href":"https:\/\/api.w.org\/{rel}","templated":true}]}}