











{"id":7833,"date":"2021-06-18T16:22:14","date_gmt":"2021-06-18T15:22:14","guid":{"rendered":"https:\/\/peoplesphere.be\/nl\/?p=7833"},"modified":"2021-06-18T16:22:14","modified_gmt":"2021-06-18T15:22:14","slug":"9-meer-klachten-op-grond-genderdiscriminatie-2020","status":"publish","type":"post","link":"https:\/\/peoplesphere.be\/nl\/9-meer-klachten-op-grond-genderdiscriminatie-2020\/","title":{"rendered":"9% meer klachten op grond van genderdiscriminatie in 2020."},"content":{"rendered":"<p>In 2020 ontving het Instituut voor de gelijkheid van vrouwen en mannen 9% meer klachten op grond van genderdiscriminatie dan in 2019. De voorvallen spelen zich vooral af op het werk en op een openbare plaats. Discriminatie van (aanstaande) moeders op het werk nog steeds een groot probleem. Opvallend is ook dat het aantal meldingen over intimidatie op het werk stijgt.<!--more--><\/p>\n<p>In 2020 betrof 40% van alle meldingen het domein werk. Deze meldingen gaan voornamelijk over de toegang tot werk (33%), de arbeidsvoorwaarden en verloning (31%) en de be\u00ebindiging van de arbeidsrelatie (22%). Meer dan \u00e9\u00e9n op de drie ontvangen meldingen (36%) in het domein werk betrof zwangerschap of moederschap. Liesbet Stevens, adjunct-directeur van het Instituut, benadrukt: <em>\u201cDeze cijfers tonen aan dat discriminatie en ongelijke behandeling op grond van zwangerschap, moederschap of kinderwens ook in 2020 nog een groot maatschappelijk probleem waren\u201d.<\/em><\/p>\n<p><strong><em>Stijging meldingen (seksuele) intimidatie op het werk<\/em><\/strong><\/p>\n<p>Nog steeds in het domein \u2018werk\u2019 is het opmerkelijk dat de meldingen over intimidatie op grond van geslacht alsook over seksuele intimidatie op het werk blijven stijgen (respectievelijk met 17% en 13%), en dat ondanks de sterke toename in 2020 van thuiswerk door de coronacrisis.<\/p>\n<p><strong><em>Stijging meldingen van seksisme op een openbare plaats<\/em><\/strong><\/p>\n<p>Ook wat betreft genderdiscriminatie in de openbare ruimte stijgt het aantal meldingen. Het maakt 15% uit van het totaal aantal meldingen die het Instituut ontving. Opmerkelijk is de stijging van meldingen over online grensoverschrijdend gedrag. Deze is deels toe te schrijven aan het feit dat het Instituut bevoegd werd om slachtoffers van wraakporno juridisch bij te staan door de wet van 4 mei 2020. Het aantal meldingen van straatintimidatie verdubbelde tegenover 2019. Voor Liesbet Stevens is het noodzakelijk om de middelen in de strijd tegen seksisme op een openbare plaats te bekijken. <em>\u201cDe huidige wetgeving is te beperkt en staat niet toe om alle facetten van dit fenomeen aan te pakken\u201d<\/em>. Het Instituut ontving regelmatig meldingen over wijdverspreide seksistische uitspraken op een openbare plaats, waarvoor het niet kon tussenkomen. De huidige wetgeving vereist immers dat de seksistische uitspraken gericht zijn aan een welbepaalde persoon.<\/p>\n<p>Wanneer ze gericht zijn naar vrouwen in het algemeen, kunnen ze bijgevolg niet worden bestraft. <em>\u201cHet is meer dan ooit nodig om effici\u00ebnt op te treden tegen seksistische uitspraken die de genderongelijkheid in de maatschappij versterken\u201d,<\/em> besluit Liesbet Stevens.<\/p>\n<p><em>Bron : Instituut voor de gelijkheid van vrouwen en mannen<\/em><\/p>\n","protected":false},"excerpt":{"rendered":"<p>In 2020 ontving het Instituut voor de gelijkheid van vrouwen en mannen 9% meer klachten op grond van genderdiscriminatie dan in 2019. De voorvallen spelen zich vooral af op het werk en op een openbare plaats. Discriminatie van (aanstaande) moeders [&hellip;]<\/p>\n","protected":false},"author":3,"featured_media":0,"comment_status":"open","ping_status":"open","sticky":false,"template":"","format":"standard","meta":[],"categories":[3,149],"tags":[731,236,1203,1178],"yoast_head":"<!-- This site is optimized with the Yoast SEO plugin v20.12 - https:\/\/yoast.com\/wordpress\/plugins\/seo\/ -->\n<title>9% meer klachten op grond van genderdiscriminatie in 2020. - Peoplesphere<\/title>\n<meta name=\"robots\" content=\"index, follow, max-snippet:-1, max-image-preview:large, max-video-preview:-1\" \/>\n<link rel=\"canonical\" href=\"https:\/\/peoplesphere.be\/nl\/9-meer-klachten-op-grond-genderdiscriminatie-2020\/\" \/>\n<meta property=\"og:locale\" content=\"nl_NL\" \/>\n<meta property=\"og:type\" content=\"article\" \/>\n<meta property=\"og:title\" content=\"9% meer klachten op grond van genderdiscriminatie in 2020. - Peoplesphere\" \/>\n<meta property=\"og:description\" content=\"In 2020 ontving het Instituut voor de gelijkheid van vrouwen en mannen 9% meer klachten op grond van genderdiscriminatie dan in 2019. De voorvallen spelen zich vooral af op het werk en op een openbare plaats. Discriminatie van (aanstaande) moeders [&hellip;]\" \/>\n<meta property=\"og:url\" content=\"https:\/\/peoplesphere.be\/nl\/9-meer-klachten-op-grond-genderdiscriminatie-2020\/\" \/>\n<meta property=\"og:site_name\" content=\"Peoplesphere\" \/>\n<meta property=\"article:publisher\" content=\"https:\/\/www.facebook.com\/peoplesphere\" \/>\n<meta property=\"article:published_time\" content=\"2021-06-18T15:22:14+00:00\" \/>\n<meta property=\"og:image\" content=\"http:\/\/www.peoplesphere.be\/nl\/wp-content\/uploads\/2016\/07\/facebook-default-posting-1200x628px.jpg\" \/>\n<meta name=\"author\" content=\"Jean-Paul Erhard\" \/>\n<meta name=\"twitter:card\" content=\"summary_large_image\" \/>\n<meta name=\"twitter:creator\" content=\"@PeoplesphereMag\" \/>\n<meta name=\"twitter:site\" content=\"@PeoplesphereMag\" \/>\n<meta name=\"twitter:label1\" content=\"Geschreven door\" \/>\n\t<meta name=\"twitter:data1\" content=\"Jean-Paul Erhard\" \/>\n\t<meta name=\"twitter:label2\" content=\"Geschatte leestijd\" \/>\n\t<meta name=\"twitter:data2\" content=\"2 minuten\" \/>\n<script type=\"application\/ld+json\" class=\"yoast-schema-graph\">{\"@context\":\"https:\/\/schema.org\",\"@graph\":[{\"@type\":\"WebPage\",\"@id\":\"https:\/\/peoplesphere.be\/nl\/9-meer-klachten-op-grond-genderdiscriminatie-2020\/\",\"url\":\"https:\/\/peoplesphere.be\/nl\/9-meer-klachten-op-grond-genderdiscriminatie-2020\/\",\"name\":\"9% meer klachten op grond van genderdiscriminatie in 2020. - Peoplesphere\",\"isPartOf\":{\"@id\":\"https:\/\/peoplesphere.be\/nl\/#website\"},\"datePublished\":\"2021-06-18T15:22:14+00:00\",\"dateModified\":\"2021-06-18T15:22:14+00:00\",\"author\":{\"@id\":\"https:\/\/peoplesphere.be\/nl\/#\/schema\/person\/0a1c21d8893dd9b9a2cd6e068b4e8cf5\"},\"breadcrumb\":{\"@id\":\"https:\/\/peoplesphere.be\/nl\/9-meer-klachten-op-grond-genderdiscriminatie-2020\/#breadcrumb\"},\"inLanguage\":\"nl-NL\",\"potentialAction\":[{\"@type\":\"ReadAction\",\"target\":[\"https:\/\/peoplesphere.be\/nl\/9-meer-klachten-op-grond-genderdiscriminatie-2020\/\"]}]},{\"@type\":\"BreadcrumbList\",\"@id\":\"https:\/\/peoplesphere.be\/nl\/9-meer-klachten-op-grond-genderdiscriminatie-2020\/#breadcrumb\",\"itemListElement\":[{\"@type\":\"ListItem\",\"position\":1,\"name\":\"Accueil\",\"item\":\"https:\/\/peoplesphere.be\/nl\/\"},{\"@type\":\"ListItem\",\"position\":2,\"name\":\"9% meer klachten op grond van genderdiscriminatie in 2020.\"}]},{\"@type\":\"WebSite\",\"@id\":\"https:\/\/peoplesphere.be\/nl\/#website\",\"url\":\"https:\/\/peoplesphere.be\/nl\/\",\"name\":\"Peoplesphere\",\"description\":\"The People Managers Magazine\",\"potentialAction\":[{\"@type\":\"SearchAction\",\"target\":{\"@type\":\"EntryPoint\",\"urlTemplate\":\"https:\/\/peoplesphere.be\/nl\/?s={search_term_string}\"},\"query-input\":\"required name=search_term_string\"}],\"inLanguage\":\"nl-NL\"},{\"@type\":\"Person\",\"@id\":\"https:\/\/peoplesphere.be\/nl\/#\/schema\/person\/0a1c21d8893dd9b9a2cd6e068b4e8cf5\",\"name\":\"Jean-Paul Erhard\",\"image\":{\"@type\":\"ImageObject\",\"inLanguage\":\"nl-NL\",\"@id\":\"https:\/\/peoplesphere.be\/nl\/#\/schema\/person\/image\/\",\"url\":\"https:\/\/secure.gravatar.com\/avatar\/f941e681460179738071629a51574930?s=96&d=mm&r=g\",\"contentUrl\":\"https:\/\/secure.gravatar.com\/avatar\/f941e681460179738071629a51574930?s=96&d=mm&r=g\",\"caption\":\"Jean-Paul Erhard\"},\"url\":\"https:\/\/peoplesphere.be\/nl\/author\/jpe\/\"}]}<\/script>\n<!-- \/ Yoast SEO plugin. -->","yoast_head_json":{"title":"9% meer klachten op grond van genderdiscriminatie in 2020. - Peoplesphere","robots":{"index":"index","follow":"follow","max-snippet":"max-snippet:-1","max-image-preview":"max-image-preview:large","max-video-preview":"max-video-preview:-1"},"canonical":"https:\/\/peoplesphere.be\/nl\/9-meer-klachten-op-grond-genderdiscriminatie-2020\/","og_locale":"nl_NL","og_type":"article","og_title":"9% meer klachten op grond van genderdiscriminatie in 2020. - Peoplesphere","og_description":"In 2020 ontving het Instituut voor de gelijkheid van vrouwen en mannen 9% meer klachten op grond van genderdiscriminatie dan in 2019. De voorvallen spelen zich vooral af op het werk en op een openbare plaats. Discriminatie van (aanstaande) moeders [&hellip;]","og_url":"https:\/\/peoplesphere.be\/nl\/9-meer-klachten-op-grond-genderdiscriminatie-2020\/","og_site_name":"Peoplesphere","article_publisher":"https:\/\/www.facebook.com\/peoplesphere","article_published_time":"2021-06-18T15:22:14+00:00","og_image":[{"url":"http:\/\/www.peoplesphere.be\/nl\/wp-content\/uploads\/2016\/07\/facebook-default-posting-1200x628px.jpg"}],"author":"Jean-Paul Erhard","twitter_card":"summary_large_image","twitter_creator":"@PeoplesphereMag","twitter_site":"@PeoplesphereMag","twitter_misc":{"Geschreven door":"Jean-Paul Erhard","Geschatte leestijd":"2 minuten"},"schema":{"@context":"https:\/\/schema.org","@graph":[{"@type":"WebPage","@id":"https:\/\/peoplesphere.be\/nl\/9-meer-klachten-op-grond-genderdiscriminatie-2020\/","url":"https:\/\/peoplesphere.be\/nl\/9-meer-klachten-op-grond-genderdiscriminatie-2020\/","name":"9% meer klachten op grond van genderdiscriminatie in 2020. - Peoplesphere","isPartOf":{"@id":"https:\/\/peoplesphere.be\/nl\/#website"},"datePublished":"2021-06-18T15:22:14+00:00","dateModified":"2021-06-18T15:22:14+00:00","author":{"@id":"https:\/\/peoplesphere.be\/nl\/#\/schema\/person\/0a1c21d8893dd9b9a2cd6e068b4e8cf5"},"breadcrumb":{"@id":"https:\/\/peoplesphere.be\/nl\/9-meer-klachten-op-grond-genderdiscriminatie-2020\/#breadcrumb"},"inLanguage":"nl-NL","potentialAction":[{"@type":"ReadAction","target":["https:\/\/peoplesphere.be\/nl\/9-meer-klachten-op-grond-genderdiscriminatie-2020\/"]}]},{"@type":"BreadcrumbList","@id":"https:\/\/peoplesphere.be\/nl\/9-meer-klachten-op-grond-genderdiscriminatie-2020\/#breadcrumb","itemListElement":[{"@type":"ListItem","position":1,"name":"Accueil","item":"https:\/\/peoplesphere.be\/nl\/"},{"@type":"ListItem","position":2,"name":"9% meer klachten op grond van genderdiscriminatie in 2020."}]},{"@type":"WebSite","@id":"https:\/\/peoplesphere.be\/nl\/#website","url":"https:\/\/peoplesphere.be\/nl\/","name":"Peoplesphere","description":"The People Managers Magazine","potentialAction":[{"@type":"SearchAction","target":{"@type":"EntryPoint","urlTemplate":"https:\/\/peoplesphere.be\/nl\/?s={search_term_string}"},"query-input":"required name=search_term_string"}],"inLanguage":"nl-NL"},{"@type":"Person","@id":"https:\/\/peoplesphere.be\/nl\/#\/schema\/person\/0a1c21d8893dd9b9a2cd6e068b4e8cf5","name":"Jean-Paul Erhard","image":{"@type":"ImageObject","inLanguage":"nl-NL","@id":"https:\/\/peoplesphere.be\/nl\/#\/schema\/person\/image\/","url":"https:\/\/secure.gravatar.com\/avatar\/f941e681460179738071629a51574930?s=96&d=mm&r=g","contentUrl":"https:\/\/secure.gravatar.com\/avatar\/f941e681460179738071629a51574930?s=96&d=mm&r=g","caption":"Jean-Paul Erhard"},"url":"https:\/\/peoplesphere.be\/nl\/author\/jpe\/"}]}},"_links":{"self":[{"href":"https:\/\/peoplesphere.be\/nl\/wp-json\/wp\/v2\/posts\/7833"}],"collection":[{"href":"https:\/\/peoplesphere.be\/nl\/wp-json\/wp\/v2\/posts"}],"about":[{"href":"https:\/\/peoplesphere.be\/nl\/wp-json\/wp\/v2\/types\/post"}],"author":[{"embeddable":true,"href":"https:\/\/peoplesphere.be\/nl\/wp-json\/wp\/v2\/users\/3"}],"replies":[{"embeddable":true,"href":"https:\/\/peoplesphere.be\/nl\/wp-json\/wp\/v2\/comments?post=7833"}],"version-history":[{"count":1,"href":"https:\/\/peoplesphere.be\/nl\/wp-json\/wp\/v2\/posts\/7833\/revisions"}],"predecessor-version":[{"id":7834,"href":"https:\/\/peoplesphere.be\/nl\/wp-json\/wp\/v2\/posts\/7833\/revisions\/7834"}],"wp:attachment":[{"href":"https:\/\/peoplesphere.be\/nl\/wp-json\/wp\/v2\/media?parent=7833"}],"wp:term":[{"taxonomy":"category","embeddable":true,"href":"https:\/\/peoplesphere.be\/nl\/wp-json\/wp\/v2\/categories?post=7833"},{"taxonomy":"post_tag","embeddable":true,"href":"https:\/\/peoplesphere.be\/nl\/wp-json\/wp\/v2\/tags?post=7833"}],"curies":[{"name":"wp","href":"https:\/\/api.w.org\/{rel}","templated":true}]}}