











{"id":7835,"date":"2021-06-20T08:09:39","date_gmt":"2021-06-20T07:09:39","guid":{"rendered":"https:\/\/peoplesphere.be\/nl\/?p=7835"},"modified":"2021-06-20T08:09:39","modified_gmt":"2021-06-20T07:09:39","slug":"belgische-raden-bestuur-bel-20-loep-minder-benoemingen-wel-belangstelling-nieuwe-bevoegdheden","status":"publish","type":"post","link":"https:\/\/peoplesphere.be\/nl\/belgische-raden-bestuur-bel-20-loep-minder-benoemingen-wel-belangstelling-nieuwe-bevoegdheden\/","title":{"rendered":"Belgische raden van bestuur uit de BEL-20 onder de loep: minder benoemingen, wel belangstelling voor nieuwe bevoegdheden."},"content":{"rendered":"<p>Het bureau Heidrick &amp; Struggles publiceert de vijfde editie van zijn \u2018Board Monitor\u2019, een barometer die het profiel van nieuwe bestuursleden in kaart brengt. Voor de tweede keer op rij zijn de BEL-20-ondernemingen opgenomen in de steekproef van de Europese editie, wat niet alleen toelaat Belgi\u00eb te vergelijken met een tiental andere Europese landen, maar ook om mogelijke evoluties ten opzichte van vorig jaar te identificeren. Met slechts 12 nieuwe benoemingen (de helft van 2019) lijkt de BEL-20 de stabiliteitskaart te hebben gespeeld. Impact van de pandemie? Er is weliswaar sprake van een zekere status quo, maar er tekenen zich andere tendensen af, die een voorbode kunnen zijn van een herdefini\u00ebring van de bevoegdheden binnen de raden van bestuur. Er wordt dus een zekere aantrekkingskracht in de BEL-20 waargenomen voor domeinen zoals cyberveiligheid en Diversiteit &amp; Inclusie.<!--more--><\/p>\n<p>Heidrick &amp; Struggles heeft zijn vijfde jaarlijkse Board Monitor gepubliceerd. Deze studie stelt ondernemingen in staat om de wereldwijde evolutie van het profiel van nieuwe bestuurders en de verschillen tussen de landen te analyseren. De Europese steekproef voor de editie 2020 bestaat uit 880 bestuurders uit 14 landen.<\/p>\n<p>Van deze steekproef werden in Belgi\u00eb 12 nieuwe bestuurders benoemd. Dit is het laagste resultaat in vergelijking met andere landen en een daling van 50% in vergelijking met vorig jaar.<\/p>\n<p>Marie-H\u00e9l\u00e8ne De Coster, Partner in Charge van Heidrick &amp; Struggles Benelux, legt uit: <em>\u201cHet valt niet uit te sluiten dat de coronapandemie een impact heeft gehad op het aantal nieuwe bestuurdersbenoemingen. Deze relatieve stabiliteit bewijst ook dat de raden van bestuur van de BEL-20 deze pandemie, en alle moeilijkheden die deze periode op heel wat vlakken met zich meebrachten voor de ondernemingen, goed hebben aangepakt. Deze relatieve stabiliteit zou dus betekenen dat men vertrouwen heeft in de raden van bestuur\u201d.<\/em><\/p>\n<p>Andere indicatoren laten weinig veranderingen zien ten opzichte van 2019. Dit geldt met name voor de gemiddelde leeftijd van nieuwe bestuurders, met een gemiddelde van 56 jaar (een jaar ouder dan in 2019) en bestuurders die nog actief zijn in het beroepsleven, met een cijfer van 75% (83% in 2019).<\/p>\n<p><em>\u201cOok dit jaar valt het internationale karakter van ons land weer op. Zo is 67% van de nieuwe bestuurders \u2018geen onderdaan\u2019 (tegen 63% in 2019) en heeft 33% ervaring op internationaal niveau. Hieruit blijkt dat Belgi\u00eb niet enkel op zichzelf is gericht. Integendeel, ons land onderscheidt zich nog steeds door zijn openheid tegenover het buitenland\u201d,<\/em> zegt een opgetogen Marie-H\u00e9l\u00e8ne De Coster.<\/p>\n<p><strong><em>Cybersecurity, duurzaamheid, diversiteit en inclusie: de toekomstige \u2018post-covid\u2019 prioriteiten voor raden van bestuur?<\/em><\/strong><br \/>\nVandaag hebben wij begrepen en aanvaard dat wij ons moeten aanpassen aan het \u2018nieuwe normaal\u2019. Maar wat betekent dit voor de toekomst van de Belgische raden van bestuur?<\/p>\n<p>Wat nu al uit de editie van 2020 blijkt, is een groeiende belangstelling voor andere vormen van expertise. Zo is een kwart van de nieuwe bestuurders in de BEL-20 een voormalig of huidig CEO, tegenover een derde op Europees niveau. Dit cijfer is gehalveerd ten opzichte van de Belgische steekproef van vorig jaar.<\/p>\n<p>Een evolutie die, volgens Marie-H\u00e9l\u00e8ne De Coster, steeds meer ruimte moet laten voor andere vakgebieden die waardevol zijn voor de raden van bestuur in de wereld van morgen: <em>\u201cDe raden van bestuur stellen zich de juiste vragen, als ze willen kunnen inspelen op het nieuwe normaal post-covid. Het is aannemelijk dat er binnen ondernemingen opnieuw wordt nagedacht over de vraag of raden van bestuur wel zijn opgewassen tegen deze enigszins onzekere toekomst. Dat zou kunnen leiden tot de benoeming van bestuurders met geheel nieuwe expertises\u201d.<\/em><\/p>\n<p>Heidrick &amp; Struggles voorziet een sterke groei van profielen die zullen leiden tot begrip en toepassing van nieuwe werkgewoonten, of het nu gaat om telewerken, welzijn op het werk, de toekomst van de beroepswereld, enz. De Board Monitor leert ons dat Belgi\u00eb op \u00e9\u00e9n van deze gebieden al een voorsprong heeft: met 17% van de bestuurders die ervaring hebben met cybersecurity, staat ons land pal aan de top van de barometer.<\/p>\n<p><em>\u201cHet is trouwens interessant &#8211; en zeer positief &#8211; om vast te stellen dat ervaring in cybersecurity niet alleen op directieniveau gewaardeerd wordt, maar ook binnen de raden van bestuur\u201d<\/em>, voegt Marie-H\u00e9l\u00e8ne De Coster toe.<\/p>\n<p>Een andere ontwikkeling die de laatste maanden ongetwijfeld aan kracht heeft gewonnen is diversiteit &amp; inclusie. Belgi\u00eb is in dit opzicht ook vrij goed gepositioneerd. 8% van de nieuwe bestuurders van de BEL-20 heeft ervaring op dit gebied (tegen 6% voor de globale steekproef).<\/p>\n<p><em>\u201cBlack Lives Matter, #MeToo, &#8230; al deze maatschappelijke ontwikkelingen hebben invloed gehad op de zakenwereld. Om burgers te overtuigen van hun engagement, hebben de bedrijven tastbare inspanningen geleverd. De benoemingen van ervaren bestuurders op dit vlak is zeer zeker een verklaring voor deze cijfers\u201d.<\/em><br \/>\nTot slot nog een laatste opmerkelijk feit wat expertises betreft: het percentage voor het aspect \u2018duurzaamheid\u2019 daalt dit jaar tot 0% (tegen 4% vorig jaar). Dit kan gemakkelijk verklaard worden door de huidige context:<\/p>\n<p><em>\u201cIn crisistijd is het natuurlijk onmogelijk om alles tegelijk aan te pakken. Raden van bestuur hebben prioriteiten moeten stellen. We moeten echter opletten dat we geen overhaaste conclusies trekken. Dit cijfer betekent evenmin dat er een gebrek aan belangstelling is voor dit onderwerp. Integendeel, wij krijgen momenteel veel aanvragen over deze materie, en dat zou in de loop van 2021 moeten toenemen\u201d,<\/em> besluit Marie-H\u00e9l\u00e8ne De Coster.<\/p>\n","protected":false},"excerpt":{"rendered":"<p>Het bureau Heidrick &amp; Struggles publiceert de vijfde editie van zijn \u2018Board Monitor\u2019, een barometer die het profiel van nieuwe bestuursleden in kaart brengt. Voor de tweede keer op rij zijn de BEL-20-ondernemingen opgenomen in de steekproef van de Europese [&hellip;]<\/p>\n","protected":false},"author":3,"featured_media":0,"comment_status":"open","ping_status":"open","sticky":false,"template":"","format":"standard","meta":[],"categories":[3,4],"tags":[2928,2927,1310,87,2197,2106],"yoast_head":"<!-- This site is optimized with the Yoast SEO plugin v20.12 - https:\/\/yoast.com\/wordpress\/plugins\/seo\/ -->\n<title>Belgische raden van bestuur uit de BEL-20 onder de loep: minder benoemingen, wel belangstelling voor nieuwe bevoegdheden. - Peoplesphere<\/title>\n<meta name=\"robots\" content=\"index, follow, max-snippet:-1, max-image-preview:large, max-video-preview:-1\" \/>\n<link rel=\"canonical\" href=\"https:\/\/peoplesphere.be\/nl\/belgische-raden-bestuur-bel-20-loep-minder-benoemingen-wel-belangstelling-nieuwe-bevoegdheden\/\" \/>\n<meta property=\"og:locale\" content=\"nl_NL\" \/>\n<meta property=\"og:type\" content=\"article\" \/>\n<meta property=\"og:title\" content=\"Belgische raden van bestuur uit de BEL-20 onder de loep: minder benoemingen, wel belangstelling voor nieuwe bevoegdheden. - Peoplesphere\" \/>\n<meta property=\"og:description\" content=\"Het bureau Heidrick &amp; Struggles publiceert de vijfde editie van zijn \u2018Board Monitor\u2019, een barometer die het profiel van nieuwe bestuursleden in kaart brengt. Voor de tweede keer op rij zijn de BEL-20-ondernemingen opgenomen in de steekproef van de Europese [&hellip;]\" \/>\n<meta property=\"og:url\" content=\"https:\/\/peoplesphere.be\/nl\/belgische-raden-bestuur-bel-20-loep-minder-benoemingen-wel-belangstelling-nieuwe-bevoegdheden\/\" \/>\n<meta property=\"og:site_name\" content=\"Peoplesphere\" \/>\n<meta property=\"article:publisher\" content=\"https:\/\/www.facebook.com\/peoplesphere\" \/>\n<meta property=\"article:published_time\" content=\"2021-06-20T07:09:39+00:00\" \/>\n<meta property=\"og:image\" content=\"http:\/\/www.peoplesphere.be\/nl\/wp-content\/uploads\/2016\/07\/facebook-default-posting-1200x628px.jpg\" \/>\n<meta name=\"author\" content=\"Jean-Paul Erhard\" \/>\n<meta name=\"twitter:card\" content=\"summary_large_image\" \/>\n<meta name=\"twitter:creator\" content=\"@PeoplesphereMag\" \/>\n<meta name=\"twitter:site\" content=\"@PeoplesphereMag\" \/>\n<meta name=\"twitter:label1\" content=\"Geschreven door\" \/>\n\t<meta name=\"twitter:data1\" content=\"Jean-Paul Erhard\" \/>\n\t<meta name=\"twitter:label2\" content=\"Geschatte leestijd\" \/>\n\t<meta name=\"twitter:data2\" content=\"4 minuten\" \/>\n<script type=\"application\/ld+json\" class=\"yoast-schema-graph\">{\"@context\":\"https:\/\/schema.org\",\"@graph\":[{\"@type\":\"WebPage\",\"@id\":\"https:\/\/peoplesphere.be\/nl\/belgische-raden-bestuur-bel-20-loep-minder-benoemingen-wel-belangstelling-nieuwe-bevoegdheden\/\",\"url\":\"https:\/\/peoplesphere.be\/nl\/belgische-raden-bestuur-bel-20-loep-minder-benoemingen-wel-belangstelling-nieuwe-bevoegdheden\/\",\"name\":\"Belgische raden van bestuur uit de BEL-20 onder de loep: minder benoemingen, wel belangstelling voor nieuwe bevoegdheden. - Peoplesphere\",\"isPartOf\":{\"@id\":\"https:\/\/peoplesphere.be\/nl\/#website\"},\"datePublished\":\"2021-06-20T07:09:39+00:00\",\"dateModified\":\"2021-06-20T07:09:39+00:00\",\"author\":{\"@id\":\"https:\/\/peoplesphere.be\/nl\/#\/schema\/person\/0a1c21d8893dd9b9a2cd6e068b4e8cf5\"},\"breadcrumb\":{\"@id\":\"https:\/\/peoplesphere.be\/nl\/belgische-raden-bestuur-bel-20-loep-minder-benoemingen-wel-belangstelling-nieuwe-bevoegdheden\/#breadcrumb\"},\"inLanguage\":\"nl-NL\",\"potentialAction\":[{\"@type\":\"ReadAction\",\"target\":[\"https:\/\/peoplesphere.be\/nl\/belgische-raden-bestuur-bel-20-loep-minder-benoemingen-wel-belangstelling-nieuwe-bevoegdheden\/\"]}]},{\"@type\":\"BreadcrumbList\",\"@id\":\"https:\/\/peoplesphere.be\/nl\/belgische-raden-bestuur-bel-20-loep-minder-benoemingen-wel-belangstelling-nieuwe-bevoegdheden\/#breadcrumb\",\"itemListElement\":[{\"@type\":\"ListItem\",\"position\":1,\"name\":\"Accueil\",\"item\":\"https:\/\/peoplesphere.be\/nl\/\"},{\"@type\":\"ListItem\",\"position\":2,\"name\":\"Belgische raden van bestuur uit de BEL-20 onder de loep: minder benoemingen, wel belangstelling voor nieuwe bevoegdheden.\"}]},{\"@type\":\"WebSite\",\"@id\":\"https:\/\/peoplesphere.be\/nl\/#website\",\"url\":\"https:\/\/peoplesphere.be\/nl\/\",\"name\":\"Peoplesphere\",\"description\":\"The People Managers Magazine\",\"potentialAction\":[{\"@type\":\"SearchAction\",\"target\":{\"@type\":\"EntryPoint\",\"urlTemplate\":\"https:\/\/peoplesphere.be\/nl\/?s={search_term_string}\"},\"query-input\":\"required name=search_term_string\"}],\"inLanguage\":\"nl-NL\"},{\"@type\":\"Person\",\"@id\":\"https:\/\/peoplesphere.be\/nl\/#\/schema\/person\/0a1c21d8893dd9b9a2cd6e068b4e8cf5\",\"name\":\"Jean-Paul Erhard\",\"image\":{\"@type\":\"ImageObject\",\"inLanguage\":\"nl-NL\",\"@id\":\"https:\/\/peoplesphere.be\/nl\/#\/schema\/person\/image\/\",\"url\":\"https:\/\/secure.gravatar.com\/avatar\/f941e681460179738071629a51574930?s=96&d=mm&r=g\",\"contentUrl\":\"https:\/\/secure.gravatar.com\/avatar\/f941e681460179738071629a51574930?s=96&d=mm&r=g\",\"caption\":\"Jean-Paul Erhard\"},\"url\":\"https:\/\/peoplesphere.be\/nl\/author\/jpe\/\"}]}<\/script>\n<!-- \/ Yoast SEO plugin. -->","yoast_head_json":{"title":"Belgische raden van bestuur uit de BEL-20 onder de loep: minder benoemingen, wel belangstelling voor nieuwe bevoegdheden. - Peoplesphere","robots":{"index":"index","follow":"follow","max-snippet":"max-snippet:-1","max-image-preview":"max-image-preview:large","max-video-preview":"max-video-preview:-1"},"canonical":"https:\/\/peoplesphere.be\/nl\/belgische-raden-bestuur-bel-20-loep-minder-benoemingen-wel-belangstelling-nieuwe-bevoegdheden\/","og_locale":"nl_NL","og_type":"article","og_title":"Belgische raden van bestuur uit de BEL-20 onder de loep: minder benoemingen, wel belangstelling voor nieuwe bevoegdheden. - Peoplesphere","og_description":"Het bureau Heidrick &amp; Struggles publiceert de vijfde editie van zijn \u2018Board Monitor\u2019, een barometer die het profiel van nieuwe bestuursleden in kaart brengt. Voor de tweede keer op rij zijn de BEL-20-ondernemingen opgenomen in de steekproef van de Europese [&hellip;]","og_url":"https:\/\/peoplesphere.be\/nl\/belgische-raden-bestuur-bel-20-loep-minder-benoemingen-wel-belangstelling-nieuwe-bevoegdheden\/","og_site_name":"Peoplesphere","article_publisher":"https:\/\/www.facebook.com\/peoplesphere","article_published_time":"2021-06-20T07:09:39+00:00","og_image":[{"url":"http:\/\/www.peoplesphere.be\/nl\/wp-content\/uploads\/2016\/07\/facebook-default-posting-1200x628px.jpg"}],"author":"Jean-Paul Erhard","twitter_card":"summary_large_image","twitter_creator":"@PeoplesphereMag","twitter_site":"@PeoplesphereMag","twitter_misc":{"Geschreven door":"Jean-Paul Erhard","Geschatte leestijd":"4 minuten"},"schema":{"@context":"https:\/\/schema.org","@graph":[{"@type":"WebPage","@id":"https:\/\/peoplesphere.be\/nl\/belgische-raden-bestuur-bel-20-loep-minder-benoemingen-wel-belangstelling-nieuwe-bevoegdheden\/","url":"https:\/\/peoplesphere.be\/nl\/belgische-raden-bestuur-bel-20-loep-minder-benoemingen-wel-belangstelling-nieuwe-bevoegdheden\/","name":"Belgische raden van bestuur uit de BEL-20 onder de loep: minder benoemingen, wel belangstelling voor nieuwe bevoegdheden. - Peoplesphere","isPartOf":{"@id":"https:\/\/peoplesphere.be\/nl\/#website"},"datePublished":"2021-06-20T07:09:39+00:00","dateModified":"2021-06-20T07:09:39+00:00","author":{"@id":"https:\/\/peoplesphere.be\/nl\/#\/schema\/person\/0a1c21d8893dd9b9a2cd6e068b4e8cf5"},"breadcrumb":{"@id":"https:\/\/peoplesphere.be\/nl\/belgische-raden-bestuur-bel-20-loep-minder-benoemingen-wel-belangstelling-nieuwe-bevoegdheden\/#breadcrumb"},"inLanguage":"nl-NL","potentialAction":[{"@type":"ReadAction","target":["https:\/\/peoplesphere.be\/nl\/belgische-raden-bestuur-bel-20-loep-minder-benoemingen-wel-belangstelling-nieuwe-bevoegdheden\/"]}]},{"@type":"BreadcrumbList","@id":"https:\/\/peoplesphere.be\/nl\/belgische-raden-bestuur-bel-20-loep-minder-benoemingen-wel-belangstelling-nieuwe-bevoegdheden\/#breadcrumb","itemListElement":[{"@type":"ListItem","position":1,"name":"Accueil","item":"https:\/\/peoplesphere.be\/nl\/"},{"@type":"ListItem","position":2,"name":"Belgische raden van bestuur uit de BEL-20 onder de loep: minder benoemingen, wel belangstelling voor nieuwe bevoegdheden."}]},{"@type":"WebSite","@id":"https:\/\/peoplesphere.be\/nl\/#website","url":"https:\/\/peoplesphere.be\/nl\/","name":"Peoplesphere","description":"The People Managers Magazine","potentialAction":[{"@type":"SearchAction","target":{"@type":"EntryPoint","urlTemplate":"https:\/\/peoplesphere.be\/nl\/?s={search_term_string}"},"query-input":"required name=search_term_string"}],"inLanguage":"nl-NL"},{"@type":"Person","@id":"https:\/\/peoplesphere.be\/nl\/#\/schema\/person\/0a1c21d8893dd9b9a2cd6e068b4e8cf5","name":"Jean-Paul Erhard","image":{"@type":"ImageObject","inLanguage":"nl-NL","@id":"https:\/\/peoplesphere.be\/nl\/#\/schema\/person\/image\/","url":"https:\/\/secure.gravatar.com\/avatar\/f941e681460179738071629a51574930?s=96&d=mm&r=g","contentUrl":"https:\/\/secure.gravatar.com\/avatar\/f941e681460179738071629a51574930?s=96&d=mm&r=g","caption":"Jean-Paul Erhard"},"url":"https:\/\/peoplesphere.be\/nl\/author\/jpe\/"}]}},"_links":{"self":[{"href":"https:\/\/peoplesphere.be\/nl\/wp-json\/wp\/v2\/posts\/7835"}],"collection":[{"href":"https:\/\/peoplesphere.be\/nl\/wp-json\/wp\/v2\/posts"}],"about":[{"href":"https:\/\/peoplesphere.be\/nl\/wp-json\/wp\/v2\/types\/post"}],"author":[{"embeddable":true,"href":"https:\/\/peoplesphere.be\/nl\/wp-json\/wp\/v2\/users\/3"}],"replies":[{"embeddable":true,"href":"https:\/\/peoplesphere.be\/nl\/wp-json\/wp\/v2\/comments?post=7835"}],"version-history":[{"count":1,"href":"https:\/\/peoplesphere.be\/nl\/wp-json\/wp\/v2\/posts\/7835\/revisions"}],"predecessor-version":[{"id":7836,"href":"https:\/\/peoplesphere.be\/nl\/wp-json\/wp\/v2\/posts\/7835\/revisions\/7836"}],"wp:attachment":[{"href":"https:\/\/peoplesphere.be\/nl\/wp-json\/wp\/v2\/media?parent=7835"}],"wp:term":[{"taxonomy":"category","embeddable":true,"href":"https:\/\/peoplesphere.be\/nl\/wp-json\/wp\/v2\/categories?post=7835"},{"taxonomy":"post_tag","embeddable":true,"href":"https:\/\/peoplesphere.be\/nl\/wp-json\/wp\/v2\/tags?post=7835"}],"curies":[{"name":"wp","href":"https:\/\/api.w.org\/{rel}","templated":true}]}}