











{"id":7909,"date":"2021-07-05T14:17:33","date_gmt":"2021-07-05T13:17:33","guid":{"rendered":"https:\/\/peoplesphere.be\/nl\/?p=7909"},"modified":"2021-07-05T14:17:33","modified_gmt":"2021-07-05T13:17:33","slug":"omzetverlies-belgische-ondernemingen-verkleint-bedrijven-kampen-aanwervings-en-toeleveringsproblemen","status":"publish","type":"post","link":"https:\/\/peoplesphere.be\/nl\/omzetverlies-belgische-ondernemingen-verkleint-bedrijven-kampen-aanwervings-en-toeleveringsproblemen\/","title":{"rendered":"Het omzetverlies van de Belgische ondernemingen verkleint maar veel bedrijven kampen met aanwervings- en toeleveringsproblemen"},"content":{"rendered":"<p>Het omzetverlies als gevolg van de coronacrisis is voor de Belgische bedrijven afgenomen van 10 % in mei tot 8 % in juni. De verbetering is vooral opmerkelijk voor de horecabedrijven, wat uiteraard te maken heeft met de heropening ervan. Ook de andere indicatoren wijzen op een afnemende corona-impact op de Belgische economie. Dat blijkt uit de laatste reguliere ERMG-enqu\u00eate, die begin vorige week bij Belgische bedrijven werd gehouden.<!--more--><\/p>\n<p>Daartegenover staan wel belangrijke problemen aan de aanbodzijde, die het herstel kunnen drukken. Zo blijven de spanningen op de arbeidsmarkt aanzienlijk, vooral in het Vlaamse Gewest. Daarnaast rapporteert \u00e9\u00e9n op de twee bedrijven dat de toeleveringen matig tot ernstig verstoord zijn.<\/p>\n<p><strong><em>De omzet en de omzetverwachtingen herstellen verder in juni<\/em><\/strong><\/p>\n<p>Rekening houdend met de bedrijfsgrootte en de toegevoegde waarde van de sector, meldden de vorige week ondervraagde bedrijven dat hun omzet nog 8 % lager ligt dan normaal. Dit is een verbetering met twee procentpunt in vergelijking met de enqu\u00eate van mei en het beste resultaat sinds het begin van de crisis.<\/p>\n<p>De omzetverbetering in juni deed zich voor in de meeste sectoren en is het gevolg van de verbeterde gezondheidssituatie en de afbouw van een aantal beperkende maatregelen. Ze was veruit het grootst in de horeca, waar het omzetverlies meer dan halveerde van bijna 70 % in mei tot 30 % in juni. Terwijl de omzet in mei na de heropening van enkel de terrassen nog niet substantieel was verbeterd (mogelijk door het slechte weer), zorgde de heropening van de binnenruimtes in juni wel voor een groot herstel. De omzet verbeterde tijdens de maand juni in mindere mate ook in de andere zwaar getroffen bedrijfstakken, met name de reisbureaus, het wegvervoer van personen, de luchtvaart, de niet-medische contactberoepen en de sector kunst, evenementen en recreatie. Vervolgens zette het geleidelijke omzetherstel zich in de meeste andere bedrijfstakken voort, zodat deze bijna het niveau bereiken dat ze zonder de coronacrisis zouden hebben behaald. Enkel in de voedings- en niet-voedingswinkels verslechterde de omzet, maar dat is mogelijk te wijten aan compositie-effecten in de steekproef.<\/p>\n<p>&nbsp;<\/p>\n<p><em>Bron : Begin vorige week hielden verscheidene federaties die de ondernemingen en de zelfstandigen vertegenwoordigen (BECI, NSZ, UCM, UNIZO, UWE en VOKA), een nieuwe ERMG-enqu\u00eate. Dat initiatief wordt geco\u00f6rdineerd door de NBB en het VBO. Het was de twee\u00ebntwintigste en laatste in een reeks enqu\u00eates die sinds maart 2020 worden gehouden om na te gaan welke impact de coronacrisis en de beperkende maatregelen hebben op de economische bedrijvigheid en op de financi\u00eble gezondheid van de ondernemingen. Aan deze enqu\u00eate namen minder ondernemingen (1 936) deel dan gewoonlijk. Dat vergroot enigszins de foutenmarge van de resultaten, die nog meer dan anders met voorzichtigheid moeten worden ge\u00efnterpreteerd.<\/em><\/p>\n","protected":false},"excerpt":{"rendered":"<p>Het omzetverlies als gevolg van de coronacrisis is voor de Belgische bedrijven afgenomen van 10 % in mei tot 8 % in juni. De verbetering is vooral opmerkelijk voor de horecabedrijven, wat uiteraard te maken heeft met de heropening ervan. [&hellip;]<\/p>\n","protected":false},"author":3,"featured_media":0,"comment_status":"open","ping_status":"open","sticky":false,"template":"","format":"standard","meta":[],"categories":[3,4],"tags":[2342,2369,1751,1765],"yoast_head":"<!-- This site is optimized with the Yoast SEO plugin v20.12 - https:\/\/yoast.com\/wordpress\/plugins\/seo\/ -->\n<title>Het omzetverlies van de Belgische ondernemingen verkleint maar veel bedrijven kampen met aanwervings- en toeleveringsproblemen - Peoplesphere<\/title>\n<meta name=\"robots\" content=\"index, follow, max-snippet:-1, max-image-preview:large, max-video-preview:-1\" \/>\n<link rel=\"canonical\" href=\"https:\/\/peoplesphere.be\/nl\/omzetverlies-belgische-ondernemingen-verkleint-bedrijven-kampen-aanwervings-en-toeleveringsproblemen\/\" \/>\n<meta property=\"og:locale\" content=\"nl_NL\" \/>\n<meta property=\"og:type\" content=\"article\" \/>\n<meta property=\"og:title\" content=\"Het omzetverlies van de Belgische ondernemingen verkleint maar veel bedrijven kampen met aanwervings- en toeleveringsproblemen - Peoplesphere\" \/>\n<meta property=\"og:description\" content=\"Het omzetverlies als gevolg van de coronacrisis is voor de Belgische bedrijven afgenomen van 10 % in mei tot 8 % in juni. De verbetering is vooral opmerkelijk voor de horecabedrijven, wat uiteraard te maken heeft met de heropening ervan. [&hellip;]\" \/>\n<meta property=\"og:url\" content=\"https:\/\/peoplesphere.be\/nl\/omzetverlies-belgische-ondernemingen-verkleint-bedrijven-kampen-aanwervings-en-toeleveringsproblemen\/\" \/>\n<meta property=\"og:site_name\" content=\"Peoplesphere\" \/>\n<meta property=\"article:publisher\" content=\"https:\/\/www.facebook.com\/peoplesphere\" \/>\n<meta property=\"article:published_time\" content=\"2021-07-05T13:17:33+00:00\" \/>\n<meta property=\"og:image\" content=\"http:\/\/www.peoplesphere.be\/nl\/wp-content\/uploads\/2016\/07\/facebook-default-posting-1200x628px.jpg\" \/>\n<meta name=\"author\" content=\"Jean-Paul Erhard\" \/>\n<meta name=\"twitter:card\" content=\"summary_large_image\" \/>\n<meta name=\"twitter:creator\" content=\"@PeoplesphereMag\" \/>\n<meta name=\"twitter:site\" content=\"@PeoplesphereMag\" \/>\n<meta name=\"twitter:label1\" content=\"Geschreven door\" \/>\n\t<meta name=\"twitter:data1\" content=\"Jean-Paul Erhard\" \/>\n\t<meta name=\"twitter:label2\" content=\"Geschatte leestijd\" \/>\n\t<meta name=\"twitter:data2\" content=\"2 minuten\" \/>\n<script type=\"application\/ld+json\" class=\"yoast-schema-graph\">{\"@context\":\"https:\/\/schema.org\",\"@graph\":[{\"@type\":\"WebPage\",\"@id\":\"https:\/\/peoplesphere.be\/nl\/omzetverlies-belgische-ondernemingen-verkleint-bedrijven-kampen-aanwervings-en-toeleveringsproblemen\/\",\"url\":\"https:\/\/peoplesphere.be\/nl\/omzetverlies-belgische-ondernemingen-verkleint-bedrijven-kampen-aanwervings-en-toeleveringsproblemen\/\",\"name\":\"Het omzetverlies van de Belgische ondernemingen verkleint maar veel bedrijven kampen met aanwervings- en toeleveringsproblemen - Peoplesphere\",\"isPartOf\":{\"@id\":\"https:\/\/peoplesphere.be\/nl\/#website\"},\"datePublished\":\"2021-07-05T13:17:33+00:00\",\"dateModified\":\"2021-07-05T13:17:33+00:00\",\"author\":{\"@id\":\"https:\/\/peoplesphere.be\/nl\/#\/schema\/person\/0a1c21d8893dd9b9a2cd6e068b4e8cf5\"},\"breadcrumb\":{\"@id\":\"https:\/\/peoplesphere.be\/nl\/omzetverlies-belgische-ondernemingen-verkleint-bedrijven-kampen-aanwervings-en-toeleveringsproblemen\/#breadcrumb\"},\"inLanguage\":\"nl-NL\",\"potentialAction\":[{\"@type\":\"ReadAction\",\"target\":[\"https:\/\/peoplesphere.be\/nl\/omzetverlies-belgische-ondernemingen-verkleint-bedrijven-kampen-aanwervings-en-toeleveringsproblemen\/\"]}]},{\"@type\":\"BreadcrumbList\",\"@id\":\"https:\/\/peoplesphere.be\/nl\/omzetverlies-belgische-ondernemingen-verkleint-bedrijven-kampen-aanwervings-en-toeleveringsproblemen\/#breadcrumb\",\"itemListElement\":[{\"@type\":\"ListItem\",\"position\":1,\"name\":\"Accueil\",\"item\":\"https:\/\/peoplesphere.be\/nl\/\"},{\"@type\":\"ListItem\",\"position\":2,\"name\":\"Het omzetverlies van de Belgische ondernemingen verkleint maar veel bedrijven kampen met aanwervings- en toeleveringsproblemen\"}]},{\"@type\":\"WebSite\",\"@id\":\"https:\/\/peoplesphere.be\/nl\/#website\",\"url\":\"https:\/\/peoplesphere.be\/nl\/\",\"name\":\"Peoplesphere\",\"description\":\"The People Managers Magazine\",\"potentialAction\":[{\"@type\":\"SearchAction\",\"target\":{\"@type\":\"EntryPoint\",\"urlTemplate\":\"https:\/\/peoplesphere.be\/nl\/?s={search_term_string}\"},\"query-input\":\"required name=search_term_string\"}],\"inLanguage\":\"nl-NL\"},{\"@type\":\"Person\",\"@id\":\"https:\/\/peoplesphere.be\/nl\/#\/schema\/person\/0a1c21d8893dd9b9a2cd6e068b4e8cf5\",\"name\":\"Jean-Paul Erhard\",\"image\":{\"@type\":\"ImageObject\",\"inLanguage\":\"nl-NL\",\"@id\":\"https:\/\/peoplesphere.be\/nl\/#\/schema\/person\/image\/\",\"url\":\"https:\/\/secure.gravatar.com\/avatar\/f941e681460179738071629a51574930?s=96&d=mm&r=g\",\"contentUrl\":\"https:\/\/secure.gravatar.com\/avatar\/f941e681460179738071629a51574930?s=96&d=mm&r=g\",\"caption\":\"Jean-Paul Erhard\"},\"url\":\"https:\/\/peoplesphere.be\/nl\/author\/jpe\/\"}]}<\/script>\n<!-- \/ Yoast SEO plugin. -->","yoast_head_json":{"title":"Het omzetverlies van de Belgische ondernemingen verkleint maar veel bedrijven kampen met aanwervings- en toeleveringsproblemen - Peoplesphere","robots":{"index":"index","follow":"follow","max-snippet":"max-snippet:-1","max-image-preview":"max-image-preview:large","max-video-preview":"max-video-preview:-1"},"canonical":"https:\/\/peoplesphere.be\/nl\/omzetverlies-belgische-ondernemingen-verkleint-bedrijven-kampen-aanwervings-en-toeleveringsproblemen\/","og_locale":"nl_NL","og_type":"article","og_title":"Het omzetverlies van de Belgische ondernemingen verkleint maar veel bedrijven kampen met aanwervings- en toeleveringsproblemen - Peoplesphere","og_description":"Het omzetverlies als gevolg van de coronacrisis is voor de Belgische bedrijven afgenomen van 10 % in mei tot 8 % in juni. De verbetering is vooral opmerkelijk voor de horecabedrijven, wat uiteraard te maken heeft met de heropening ervan. [&hellip;]","og_url":"https:\/\/peoplesphere.be\/nl\/omzetverlies-belgische-ondernemingen-verkleint-bedrijven-kampen-aanwervings-en-toeleveringsproblemen\/","og_site_name":"Peoplesphere","article_publisher":"https:\/\/www.facebook.com\/peoplesphere","article_published_time":"2021-07-05T13:17:33+00:00","og_image":[{"url":"http:\/\/www.peoplesphere.be\/nl\/wp-content\/uploads\/2016\/07\/facebook-default-posting-1200x628px.jpg"}],"author":"Jean-Paul Erhard","twitter_card":"summary_large_image","twitter_creator":"@PeoplesphereMag","twitter_site":"@PeoplesphereMag","twitter_misc":{"Geschreven door":"Jean-Paul Erhard","Geschatte leestijd":"2 minuten"},"schema":{"@context":"https:\/\/schema.org","@graph":[{"@type":"WebPage","@id":"https:\/\/peoplesphere.be\/nl\/omzetverlies-belgische-ondernemingen-verkleint-bedrijven-kampen-aanwervings-en-toeleveringsproblemen\/","url":"https:\/\/peoplesphere.be\/nl\/omzetverlies-belgische-ondernemingen-verkleint-bedrijven-kampen-aanwervings-en-toeleveringsproblemen\/","name":"Het omzetverlies van de Belgische ondernemingen verkleint maar veel bedrijven kampen met aanwervings- en toeleveringsproblemen - Peoplesphere","isPartOf":{"@id":"https:\/\/peoplesphere.be\/nl\/#website"},"datePublished":"2021-07-05T13:17:33+00:00","dateModified":"2021-07-05T13:17:33+00:00","author":{"@id":"https:\/\/peoplesphere.be\/nl\/#\/schema\/person\/0a1c21d8893dd9b9a2cd6e068b4e8cf5"},"breadcrumb":{"@id":"https:\/\/peoplesphere.be\/nl\/omzetverlies-belgische-ondernemingen-verkleint-bedrijven-kampen-aanwervings-en-toeleveringsproblemen\/#breadcrumb"},"inLanguage":"nl-NL","potentialAction":[{"@type":"ReadAction","target":["https:\/\/peoplesphere.be\/nl\/omzetverlies-belgische-ondernemingen-verkleint-bedrijven-kampen-aanwervings-en-toeleveringsproblemen\/"]}]},{"@type":"BreadcrumbList","@id":"https:\/\/peoplesphere.be\/nl\/omzetverlies-belgische-ondernemingen-verkleint-bedrijven-kampen-aanwervings-en-toeleveringsproblemen\/#breadcrumb","itemListElement":[{"@type":"ListItem","position":1,"name":"Accueil","item":"https:\/\/peoplesphere.be\/nl\/"},{"@type":"ListItem","position":2,"name":"Het omzetverlies van de Belgische ondernemingen verkleint maar veel bedrijven kampen met aanwervings- en toeleveringsproblemen"}]},{"@type":"WebSite","@id":"https:\/\/peoplesphere.be\/nl\/#website","url":"https:\/\/peoplesphere.be\/nl\/","name":"Peoplesphere","description":"The People Managers Magazine","potentialAction":[{"@type":"SearchAction","target":{"@type":"EntryPoint","urlTemplate":"https:\/\/peoplesphere.be\/nl\/?s={search_term_string}"},"query-input":"required name=search_term_string"}],"inLanguage":"nl-NL"},{"@type":"Person","@id":"https:\/\/peoplesphere.be\/nl\/#\/schema\/person\/0a1c21d8893dd9b9a2cd6e068b4e8cf5","name":"Jean-Paul Erhard","image":{"@type":"ImageObject","inLanguage":"nl-NL","@id":"https:\/\/peoplesphere.be\/nl\/#\/schema\/person\/image\/","url":"https:\/\/secure.gravatar.com\/avatar\/f941e681460179738071629a51574930?s=96&d=mm&r=g","contentUrl":"https:\/\/secure.gravatar.com\/avatar\/f941e681460179738071629a51574930?s=96&d=mm&r=g","caption":"Jean-Paul Erhard"},"url":"https:\/\/peoplesphere.be\/nl\/author\/jpe\/"}]}},"_links":{"self":[{"href":"https:\/\/peoplesphere.be\/nl\/wp-json\/wp\/v2\/posts\/7909"}],"collection":[{"href":"https:\/\/peoplesphere.be\/nl\/wp-json\/wp\/v2\/posts"}],"about":[{"href":"https:\/\/peoplesphere.be\/nl\/wp-json\/wp\/v2\/types\/post"}],"author":[{"embeddable":true,"href":"https:\/\/peoplesphere.be\/nl\/wp-json\/wp\/v2\/users\/3"}],"replies":[{"embeddable":true,"href":"https:\/\/peoplesphere.be\/nl\/wp-json\/wp\/v2\/comments?post=7909"}],"version-history":[{"count":1,"href":"https:\/\/peoplesphere.be\/nl\/wp-json\/wp\/v2\/posts\/7909\/revisions"}],"predecessor-version":[{"id":7910,"href":"https:\/\/peoplesphere.be\/nl\/wp-json\/wp\/v2\/posts\/7909\/revisions\/7910"}],"wp:attachment":[{"href":"https:\/\/peoplesphere.be\/nl\/wp-json\/wp\/v2\/media?parent=7909"}],"wp:term":[{"taxonomy":"category","embeddable":true,"href":"https:\/\/peoplesphere.be\/nl\/wp-json\/wp\/v2\/categories?post=7909"},{"taxonomy":"post_tag","embeddable":true,"href":"https:\/\/peoplesphere.be\/nl\/wp-json\/wp\/v2\/tags?post=7909"}],"curies":[{"name":"wp","href":"https:\/\/api.w.org\/{rel}","templated":true}]}}