











{"id":7983,"date":"2021-07-26T08:53:49","date_gmt":"2021-07-26T07:53:49","guid":{"rendered":"https:\/\/peoplesphere.be\/nl\/?p=7983"},"modified":"2021-07-26T08:53:49","modified_gmt":"2021-07-26T07:53:49","slug":"omslagpunt-bereikt-vlaanderen-kmo-tewerkstelling-privesector-op-niveau-crisis","status":"publish","type":"post","link":"https:\/\/peoplesphere.be\/nl\/omslagpunt-bereikt-vlaanderen-kmo-tewerkstelling-privesector-op-niveau-crisis\/","title":{"rendered":"Omslagpunt bereikt in Vlaanderen: kmo-tewerkstelling in priv\u00e9sector op niveau van voor de crisis."},"content":{"rendered":"<p>De laatste maanden constateert SD Worx een positieve trend in de structurele tewerkstelling bij kmo\u2019s in de priv\u00e9-sector. SD Worx berekende dat onze bestaande kmo\u2019s opnieuw het tewerkstellingsniveau bereiken van voor de crisis. Qua aanwervingen doen onze Belgische kmo\u2019s het in juni 2021 beter dan in vergelijking met de twee voorbije jaren. Slechts \u00e9\u00e9n op tien kmo\u2019s kreeg in juni nog te maken met contractbe\u00ebindigingen.<!--more--><\/p>\n<p>Dit zijn de nieuwe inzichten uit de longitudinale analyse van SD Worx van de loongegevens van meer dan 21.000 kmo-ondernemers met meer dan 320.000 werknemers over de laatste 2 jaar in de priv\u00e9 in Belgi\u00eb:<\/p>\n<p>&#8211; De structurele tewerkstelling bij bestaande kmo-werkgevers in de priv\u00e9sector vertoont een duidelijk opwaartse trend;<\/p>\n<p>&#8211; Eind juni noteert SD Worx een stijging van 1,2% in het arbeidsvolume (in aantal arbeidsplaatsen) ten opzichte van eind december; en dit in alle sectoren, met uitzondering van transport en opslag, onderwijs, zorgsector en bouw (waar we een licht negatieve of eerder stabiele situatie waarnemen). In de al zwaar getroffen horeca gaat het om een inhaalbeweging.<\/p>\n<p>&#8211; Er zijn in juni 2021 opnieuw meer werkgevers die rekruteren dan in juni 2020; we zitten zelfs beter dan het (normale) niveau van 2019. In combinatie met een laag percentage van bestaande werkgevers die te maken krijgen met contractbe\u00ebindigingen; komen we op een positieve evolutie in het arbeidsvolume (in aantal koppen);<\/p>\n<p>&#8211; Voor Belgi\u00eb zitten we nu terug op het niveau van tewerkstelling van v\u00f3\u00f3r de crisis, met name op niveau van februari 2020, en voor Vlaanderen zitten we al al beter dan in november 2019. Door het aantal jobs te volgen van meer dan 21.000 werkgevers in de laatste 2 jaar kan SD Worx de vinger leggen op de laatste trends.<\/p>\n<p><em>\u201cDe trend bij kmo\u2019s van het laatste half jaar in de priv\u00e9sector is positief. Er zijn terug meer kmo\u2019s die aanwerven dan kmo\u2019s die te maken krijgen met ontslag. Wij verwachten deze zomer in het ganse land opnieuw het tewerkstellingsniveau van voor de crisis, indien de pandemie niet verergert. Ondertussen staan ondernemingen uit de zwaar getroffen gebieden opnieuw voor uitdagingen; zij zullen erg snel willen heropstarten. Voor Vlaanderen zitten we nu al terug boven het niveau van voor de crisis. Het omslagpunt is bereikt. Kleine schommelingen per maand, zoals deze in mei, hoeven ons nog niet te verontrusten. De laatste zes maanden zijn de drie sterkhouders qua sectoren: kmo\u2019s in sectoren \u2018Informatie en communicatie\u2019 (+2,95%), \u2018financi\u00eble diensten en verzekeringen\u2019 (+ 2,80%) en \u2018vrije beroepen, wetenschappelijke en technische activiteiten\u2019 (+2,29%): daar spreken we van een aangroei qua jobs; in de andere sectoren is de situatie eerder stabiel, of gaat het om een noodzakelijke inhaalbeweging. De grootste groei zien we bij bediendenfuncties. Indien we geen beperkende maatregelen krijgen, kan de relance nu echt starten. De evolutie is positief in de drie gewesten, al zijn er regionale verschillen. De kleinste vooruitgang doet zich voor in Vlaams-Brabant (+0,37%), Waals-Brabant (+0,50%) en Luik (+0,90%), maar dat is nog steeds beter dan de grote ondernemingen in Brussel\u201c,<\/em> stelt Annelies Rottiers, strategisch adviseur kmo\u2019s van SD Worx. <em>\u201cOok in sectoren die het goed doen, blijven werkgevers investeren in jobs of mensen; zo toont de evolutie per sector van de laatste twee jaar.\u201d<\/em><\/p>\n","protected":false},"excerpt":{"rendered":"<p>De laatste maanden constateert SD Worx een positieve trend in de structurele tewerkstelling bij kmo\u2019s in de priv\u00e9-sector. SD Worx berekende dat onze bestaande kmo\u2019s opnieuw het tewerkstellingsniveau bereiken van voor de crisis. Qua aanwervingen doen onze Belgische kmo\u2019s het [&hellip;]<\/p>\n","protected":false},"author":3,"featured_media":0,"comment_status":"open","ping_status":"open","sticky":false,"template":"","format":"standard","meta":[],"categories":[3,4],"tags":[40,596,20],"yoast_head":"<!-- This site is optimized with the Yoast SEO plugin v20.12 - https:\/\/yoast.com\/wordpress\/plugins\/seo\/ -->\n<title>Omslagpunt bereikt in Vlaanderen: kmo-tewerkstelling in priv\u00e9sector op niveau van voor de crisis. - Peoplesphere<\/title>\n<meta name=\"robots\" content=\"index, follow, max-snippet:-1, max-image-preview:large, max-video-preview:-1\" \/>\n<link rel=\"canonical\" href=\"https:\/\/peoplesphere.be\/nl\/omslagpunt-bereikt-vlaanderen-kmo-tewerkstelling-privesector-op-niveau-crisis\/\" \/>\n<meta property=\"og:locale\" content=\"nl_NL\" \/>\n<meta property=\"og:type\" content=\"article\" \/>\n<meta property=\"og:title\" content=\"Omslagpunt bereikt in Vlaanderen: kmo-tewerkstelling in priv\u00e9sector op niveau van voor de crisis. - Peoplesphere\" \/>\n<meta property=\"og:description\" content=\"De laatste maanden constateert SD Worx een positieve trend in de structurele tewerkstelling bij kmo\u2019s in de priv\u00e9-sector. SD Worx berekende dat onze bestaande kmo\u2019s opnieuw het tewerkstellingsniveau bereiken van voor de crisis. Qua aanwervingen doen onze Belgische kmo\u2019s het [&hellip;]\" \/>\n<meta property=\"og:url\" content=\"https:\/\/peoplesphere.be\/nl\/omslagpunt-bereikt-vlaanderen-kmo-tewerkstelling-privesector-op-niveau-crisis\/\" \/>\n<meta property=\"og:site_name\" content=\"Peoplesphere\" \/>\n<meta property=\"article:publisher\" content=\"https:\/\/www.facebook.com\/peoplesphere\" \/>\n<meta property=\"article:published_time\" content=\"2021-07-26T07:53:49+00:00\" \/>\n<meta property=\"og:image\" content=\"http:\/\/www.peoplesphere.be\/nl\/wp-content\/uploads\/2016\/07\/facebook-default-posting-1200x628px.jpg\" \/>\n<meta name=\"author\" content=\"Jean-Paul Erhard\" \/>\n<meta name=\"twitter:card\" content=\"summary_large_image\" \/>\n<meta name=\"twitter:creator\" content=\"@PeoplesphereMag\" \/>\n<meta name=\"twitter:site\" content=\"@PeoplesphereMag\" \/>\n<meta name=\"twitter:label1\" content=\"Geschreven door\" \/>\n\t<meta name=\"twitter:data1\" content=\"Jean-Paul Erhard\" \/>\n\t<meta name=\"twitter:label2\" content=\"Geschatte leestijd\" \/>\n\t<meta name=\"twitter:data2\" content=\"3 minuten\" \/>\n<script type=\"application\/ld+json\" class=\"yoast-schema-graph\">{\"@context\":\"https:\/\/schema.org\",\"@graph\":[{\"@type\":\"WebPage\",\"@id\":\"https:\/\/peoplesphere.be\/nl\/omslagpunt-bereikt-vlaanderen-kmo-tewerkstelling-privesector-op-niveau-crisis\/\",\"url\":\"https:\/\/peoplesphere.be\/nl\/omslagpunt-bereikt-vlaanderen-kmo-tewerkstelling-privesector-op-niveau-crisis\/\",\"name\":\"Omslagpunt bereikt in Vlaanderen: kmo-tewerkstelling in priv\u00e9sector op niveau van voor de crisis. - Peoplesphere\",\"isPartOf\":{\"@id\":\"https:\/\/peoplesphere.be\/nl\/#website\"},\"datePublished\":\"2021-07-26T07:53:49+00:00\",\"dateModified\":\"2021-07-26T07:53:49+00:00\",\"author\":{\"@id\":\"https:\/\/peoplesphere.be\/nl\/#\/schema\/person\/0a1c21d8893dd9b9a2cd6e068b4e8cf5\"},\"breadcrumb\":{\"@id\":\"https:\/\/peoplesphere.be\/nl\/omslagpunt-bereikt-vlaanderen-kmo-tewerkstelling-privesector-op-niveau-crisis\/#breadcrumb\"},\"inLanguage\":\"nl-NL\",\"potentialAction\":[{\"@type\":\"ReadAction\",\"target\":[\"https:\/\/peoplesphere.be\/nl\/omslagpunt-bereikt-vlaanderen-kmo-tewerkstelling-privesector-op-niveau-crisis\/\"]}]},{\"@type\":\"BreadcrumbList\",\"@id\":\"https:\/\/peoplesphere.be\/nl\/omslagpunt-bereikt-vlaanderen-kmo-tewerkstelling-privesector-op-niveau-crisis\/#breadcrumb\",\"itemListElement\":[{\"@type\":\"ListItem\",\"position\":1,\"name\":\"Accueil\",\"item\":\"https:\/\/peoplesphere.be\/nl\/\"},{\"@type\":\"ListItem\",\"position\":2,\"name\":\"Omslagpunt bereikt in Vlaanderen: kmo-tewerkstelling in priv\u00e9sector op niveau van voor de crisis.\"}]},{\"@type\":\"WebSite\",\"@id\":\"https:\/\/peoplesphere.be\/nl\/#website\",\"url\":\"https:\/\/peoplesphere.be\/nl\/\",\"name\":\"Peoplesphere\",\"description\":\"The People Managers Magazine\",\"potentialAction\":[{\"@type\":\"SearchAction\",\"target\":{\"@type\":\"EntryPoint\",\"urlTemplate\":\"https:\/\/peoplesphere.be\/nl\/?s={search_term_string}\"},\"query-input\":\"required name=search_term_string\"}],\"inLanguage\":\"nl-NL\"},{\"@type\":\"Person\",\"@id\":\"https:\/\/peoplesphere.be\/nl\/#\/schema\/person\/0a1c21d8893dd9b9a2cd6e068b4e8cf5\",\"name\":\"Jean-Paul Erhard\",\"image\":{\"@type\":\"ImageObject\",\"inLanguage\":\"nl-NL\",\"@id\":\"https:\/\/peoplesphere.be\/nl\/#\/schema\/person\/image\/\",\"url\":\"https:\/\/secure.gravatar.com\/avatar\/f941e681460179738071629a51574930?s=96&d=mm&r=g\",\"contentUrl\":\"https:\/\/secure.gravatar.com\/avatar\/f941e681460179738071629a51574930?s=96&d=mm&r=g\",\"caption\":\"Jean-Paul Erhard\"},\"url\":\"https:\/\/peoplesphere.be\/nl\/author\/jpe\/\"}]}<\/script>\n<!-- \/ Yoast SEO plugin. -->","yoast_head_json":{"title":"Omslagpunt bereikt in Vlaanderen: kmo-tewerkstelling in priv\u00e9sector op niveau van voor de crisis. - Peoplesphere","robots":{"index":"index","follow":"follow","max-snippet":"max-snippet:-1","max-image-preview":"max-image-preview:large","max-video-preview":"max-video-preview:-1"},"canonical":"https:\/\/peoplesphere.be\/nl\/omslagpunt-bereikt-vlaanderen-kmo-tewerkstelling-privesector-op-niveau-crisis\/","og_locale":"nl_NL","og_type":"article","og_title":"Omslagpunt bereikt in Vlaanderen: kmo-tewerkstelling in priv\u00e9sector op niveau van voor de crisis. - Peoplesphere","og_description":"De laatste maanden constateert SD Worx een positieve trend in de structurele tewerkstelling bij kmo\u2019s in de priv\u00e9-sector. SD Worx berekende dat onze bestaande kmo\u2019s opnieuw het tewerkstellingsniveau bereiken van voor de crisis. Qua aanwervingen doen onze Belgische kmo\u2019s het [&hellip;]","og_url":"https:\/\/peoplesphere.be\/nl\/omslagpunt-bereikt-vlaanderen-kmo-tewerkstelling-privesector-op-niveau-crisis\/","og_site_name":"Peoplesphere","article_publisher":"https:\/\/www.facebook.com\/peoplesphere","article_published_time":"2021-07-26T07:53:49+00:00","og_image":[{"url":"http:\/\/www.peoplesphere.be\/nl\/wp-content\/uploads\/2016\/07\/facebook-default-posting-1200x628px.jpg"}],"author":"Jean-Paul Erhard","twitter_card":"summary_large_image","twitter_creator":"@PeoplesphereMag","twitter_site":"@PeoplesphereMag","twitter_misc":{"Geschreven door":"Jean-Paul Erhard","Geschatte leestijd":"3 minuten"},"schema":{"@context":"https:\/\/schema.org","@graph":[{"@type":"WebPage","@id":"https:\/\/peoplesphere.be\/nl\/omslagpunt-bereikt-vlaanderen-kmo-tewerkstelling-privesector-op-niveau-crisis\/","url":"https:\/\/peoplesphere.be\/nl\/omslagpunt-bereikt-vlaanderen-kmo-tewerkstelling-privesector-op-niveau-crisis\/","name":"Omslagpunt bereikt in Vlaanderen: kmo-tewerkstelling in priv\u00e9sector op niveau van voor de crisis. - Peoplesphere","isPartOf":{"@id":"https:\/\/peoplesphere.be\/nl\/#website"},"datePublished":"2021-07-26T07:53:49+00:00","dateModified":"2021-07-26T07:53:49+00:00","author":{"@id":"https:\/\/peoplesphere.be\/nl\/#\/schema\/person\/0a1c21d8893dd9b9a2cd6e068b4e8cf5"},"breadcrumb":{"@id":"https:\/\/peoplesphere.be\/nl\/omslagpunt-bereikt-vlaanderen-kmo-tewerkstelling-privesector-op-niveau-crisis\/#breadcrumb"},"inLanguage":"nl-NL","potentialAction":[{"@type":"ReadAction","target":["https:\/\/peoplesphere.be\/nl\/omslagpunt-bereikt-vlaanderen-kmo-tewerkstelling-privesector-op-niveau-crisis\/"]}]},{"@type":"BreadcrumbList","@id":"https:\/\/peoplesphere.be\/nl\/omslagpunt-bereikt-vlaanderen-kmo-tewerkstelling-privesector-op-niveau-crisis\/#breadcrumb","itemListElement":[{"@type":"ListItem","position":1,"name":"Accueil","item":"https:\/\/peoplesphere.be\/nl\/"},{"@type":"ListItem","position":2,"name":"Omslagpunt bereikt in Vlaanderen: kmo-tewerkstelling in priv\u00e9sector op niveau van voor de crisis."}]},{"@type":"WebSite","@id":"https:\/\/peoplesphere.be\/nl\/#website","url":"https:\/\/peoplesphere.be\/nl\/","name":"Peoplesphere","description":"The People Managers Magazine","potentialAction":[{"@type":"SearchAction","target":{"@type":"EntryPoint","urlTemplate":"https:\/\/peoplesphere.be\/nl\/?s={search_term_string}"},"query-input":"required name=search_term_string"}],"inLanguage":"nl-NL"},{"@type":"Person","@id":"https:\/\/peoplesphere.be\/nl\/#\/schema\/person\/0a1c21d8893dd9b9a2cd6e068b4e8cf5","name":"Jean-Paul Erhard","image":{"@type":"ImageObject","inLanguage":"nl-NL","@id":"https:\/\/peoplesphere.be\/nl\/#\/schema\/person\/image\/","url":"https:\/\/secure.gravatar.com\/avatar\/f941e681460179738071629a51574930?s=96&d=mm&r=g","contentUrl":"https:\/\/secure.gravatar.com\/avatar\/f941e681460179738071629a51574930?s=96&d=mm&r=g","caption":"Jean-Paul Erhard"},"url":"https:\/\/peoplesphere.be\/nl\/author\/jpe\/"}]}},"_links":{"self":[{"href":"https:\/\/peoplesphere.be\/nl\/wp-json\/wp\/v2\/posts\/7983"}],"collection":[{"href":"https:\/\/peoplesphere.be\/nl\/wp-json\/wp\/v2\/posts"}],"about":[{"href":"https:\/\/peoplesphere.be\/nl\/wp-json\/wp\/v2\/types\/post"}],"author":[{"embeddable":true,"href":"https:\/\/peoplesphere.be\/nl\/wp-json\/wp\/v2\/users\/3"}],"replies":[{"embeddable":true,"href":"https:\/\/peoplesphere.be\/nl\/wp-json\/wp\/v2\/comments?post=7983"}],"version-history":[{"count":1,"href":"https:\/\/peoplesphere.be\/nl\/wp-json\/wp\/v2\/posts\/7983\/revisions"}],"predecessor-version":[{"id":7984,"href":"https:\/\/peoplesphere.be\/nl\/wp-json\/wp\/v2\/posts\/7983\/revisions\/7984"}],"wp:attachment":[{"href":"https:\/\/peoplesphere.be\/nl\/wp-json\/wp\/v2\/media?parent=7983"}],"wp:term":[{"taxonomy":"category","embeddable":true,"href":"https:\/\/peoplesphere.be\/nl\/wp-json\/wp\/v2\/categories?post=7983"},{"taxonomy":"post_tag","embeddable":true,"href":"https:\/\/peoplesphere.be\/nl\/wp-json\/wp\/v2\/tags?post=7983"}],"curies":[{"name":"wp","href":"https:\/\/api.w.org\/{rel}","templated":true}]}}