











{"id":7987,"date":"2021-07-27T13:23:49","date_gmt":"2021-07-27T12:23:49","guid":{"rendered":"https:\/\/peoplesphere.be\/nl\/?p=7987"},"modified":"2021-07-27T13:23:49","modified_gmt":"2021-07-27T12:23:49","slug":"2020-gaven-622-104-belgen-aan-gezondheidsprobleem-werk","status":"publish","type":"post","link":"https:\/\/peoplesphere.be\/nl\/2020-gaven-622-104-belgen-aan-gezondheidsprobleem-werk\/","title":{"rendered":"In 2020 gaven 622.104 Belgen aan een gezondheidsprobleem te hebben door hun werk."},"content":{"rendered":"<p>Het gaat daarbij om personen van 15 jaar ouder die werken of-gewerkt hebben. 55,4% van hen heeft bot-, gewrichts- of spierklachten. Op de tweede plaats volgt stress, depressie of angstgevoelens (25,9%). Dat blijkt uit nieuwe cijfers van Statbel, het Belgische statistiekbureau.\u00a0Daarnaast hadden, van de 5.101.792 werkenden of personen die de laatste 12 maanden nog gewerkt hadden, 120.198 (2,4%) Belgen een arbeidsongeval met verwonding. In 8,5% van de gevallen gaat het om een verkeersongeval tijdens de werkuren. Over het algemeen hebben mannen vaker een arbeidsongeval, terwijl vrouwen vaker aangeven een gezondheidsprobleem te hebben.<!--more--><\/p>\n<p>9% van de werkenden of personen die ooit gewerkt hebben had in de laatste 12 maanden een fysiek of psychisch gezondheidsprobleem dat veroorzaakt werd, of verergerd werd, door hun job. Daarbij zijn bot-, gewrichts- en spierklachten met 55,4% het meest voorkomende probleem. Bij 25,9% van de personen met gezondheidsproblemen ging het om stress, depressie of angstgevoelens. Er zijn wel duidelijk verschillen volgens het onderwijsniveau: laag- en middengeschoolden rapporteren vaker bot-, gewrichts- of spierklachten (respectievelijk 72% en 58,2%). Bij de hooggeschoolden gaat het vaker om stress, depressie en angstgevoelens (39,4%).<\/p>\n<p><strong><em>Gezondheidsproblemen komen vaakst voor in de gezondheidszorg<\/em><\/strong><\/p>\n<p>Belgen die in de sector van de menselijke gezondheidszorg en maatschappelijke dienstverlening werken, geven het vaakst aan met werkgerelateerde gezondheidsproblemen te kampen. 11,6% van hen heeft een of meerdere gezondheidsproblemen die veroorzaakt of verergerd werden door het werk. Daarna volgen de administratieve en ondersteunende diensten (10,6%) en de overige diensten (10,5%).<\/p>\n<p><strong><em>Vermoeiende of pijnlijke houdingen grootste risicofactor bij werkenden<\/em><\/strong><\/p>\n<p>De meest voorkomende risicofactoren waar werkenden mee geconfronteerd worden, zijn vermoeiende of pijnlijke houdingen (13,8%), activiteiten die belastend zijn voor de ogen (11,8%) of zware lasten gebruiken (9,5%). Die factoren verschillen sterk van sector tot sector: in het onderwijs is bijvoorbeeld lawaai de grootste risicofactor (16,1%), terwijl veel mensen in de financi\u00eble sector aangeven vaak activiteiten te doen die een sterke visuele concentratie vereisen (29,6%).<\/p>\n<p><strong><em>Grote tijdsdruk of overbelasting heeft meest impact op mentaal welzijn<\/em><\/strong><\/p>\n<p>Overbelasting of hoge tijdsdruk is voor 22,4% van de werkenden belastend voor het mentale welzijn. Dat geldt voor alle sectoren, hoewel in sommige sectoren ook het omgaan met moeilijke klanten, pati\u00ebnten, leerlingen enz. een grote rol speelt: in het onderwijs komt die factor zelfs bovenaan te staan (18,6%).<\/p>\n<p><strong><em>Bijna 1 op 10 arbeidsongevallen is een verkeersongeval<\/em><\/strong><\/p>\n<p>112.714 werkenden of personen die in het laatste jaar nog gewerkt hebben (2,4 %) , hebben in de 12 maanden voorafgaand aan de referentieweek \u00e9\u00e9n of meerdere arbeidsongevallen met een verwonding gehad. 8,5% van die arbeidsongevallen zijn verkeersongevallen.<\/p>\n<p>Een verkeersongeval is in deze resultaten elk ongeval dat gebeurt tijdens de werkuren, op openbare of priv\u00e9-wegen of parkings. Ongevallen tijdens het woon-werkverkeer worden niet meegerekend. Ook ongevallen met voertuigen of machines op bouwwerven of landbouwvelden worden in deze resultaten niet beschouwd als verkeersongeval.<\/p>\n<p><strong><em>Vooral mannen en laaggeschoolden hebben arbeidsongeval<\/em><\/strong><\/p>\n<p>Er zijn verschillen volgens geslacht, leeftijd en onderwijsniveau. Mannen (2,9%) hebben meer te maken met arbeidsongevallen dan vrouwen (1,7%). In de leeftijdsklasse 18-24 jaar (3,3%) komen arbeidsongevallen met verwonding meer voor dan bij 25-49-jarigen (2,4%) en 50-plussers (2,1%). Laaggeschoolden (3,4%) zijn vaker slachtoffer dan middengeschoolden (3,1%) en hooggeschoolden (1,4%).<\/p>\n<p>Bij diegenen die aan het werk zijn, werken arbeiders in de priv\u00e9sector in de gevaarlijkste omstandigheden. 4,3% zegt een arbeidsongeval met verwonding te hebben gehad in de laatste 12 maanden, terwijl dat slechts het geval was bij 1,5% van de bedienden in de priv\u00e9sector.<\/p>\n<p>De beroepen waar de meeste arbeidsongevallen zich voordoen zijn de \u2018Bedieners van machines en installaties, assembleurs&#8217; (5,6%) en de &#8216;Ambachtslieden&#8217; (5%). Aan de andere kant komen arbeidsongevallen met verwonding het minst voor bij het \u2018Administratief personeel\u2019.<br \/>\nIn bepaalde sectoren komen arbeidsongevallen meer voor. In de bouwsector heeft 4,4% van de werkenden in de laatste 12 maanden een arbeidsongeval met verwonding gehad. In de sector \u2018Verschaffen van accommodatie en maaltijden\u2019 en \u2018Vervoer en opslag&#8217; komen arbeidsongevallen eveneens meer dan gemiddeld voor (respectievelijk 3,7% en 3,6%).<\/p>\n<p><strong><em>62% is minder dan een maand afwezig<\/em><\/strong><\/p>\n<p>Een kwart van de personen die slachtoffer werden van een arbeidsongeval met verwonding is minder dan 1 dag of helemaal niet afwezig geweest op het werk omwille van het ongeval. 23,7% was 1 maand of langer arbeidsongeschikt.<\/p>\n<p>&nbsp;<\/p>\n<p><em>Bron &amp; methodologie : de cijfers zijn het resultaat van een bevraging over arbeidsongevallen en werkgerelateerde gezondheidsproblemen die Statbel, het Belgische statistiekbureau, in 2020 aan de eerste bevraging van de enqu\u00eate naar de arbeidskrachten koppelde. 26.111 personen van 15 jaar en ouder beantwoordden de enqu\u00eate. Ge\u00ebxtrapoleerd naar de totale bevolking gaat het om 6.950.050 personen.<\/em><\/p>\n","protected":false},"excerpt":{"rendered":"<p>Het gaat daarbij om personen van 15 jaar ouder die werken of-gewerkt hebben. 55,4% van hen heeft bot-, gewrichts- of spierklachten. Op de tweede plaats volgt stress, depressie of angstgevoelens (25,9%). Dat blijkt uit nieuwe cijfers van Statbel, het Belgische [&hellip;]<\/p>\n","protected":false},"author":3,"featured_media":0,"comment_status":"open","ping_status":"open","sticky":false,"template":"","format":"standard","meta":[],"categories":[3,4],"tags":[587,223,1334,2255,64,106],"yoast_head":"<!-- This site is optimized with the Yoast SEO plugin v20.12 - https:\/\/yoast.com\/wordpress\/plugins\/seo\/ -->\n<title>In 2020 gaven 622.104 Belgen aan een gezondheidsprobleem te hebben door hun werk. - Peoplesphere<\/title>\n<meta name=\"robots\" content=\"index, follow, max-snippet:-1, max-image-preview:large, max-video-preview:-1\" \/>\n<link rel=\"canonical\" href=\"https:\/\/peoplesphere.be\/nl\/2020-gaven-622-104-belgen-aan-gezondheidsprobleem-werk\/\" \/>\n<meta property=\"og:locale\" content=\"nl_NL\" \/>\n<meta property=\"og:type\" content=\"article\" \/>\n<meta property=\"og:title\" content=\"In 2020 gaven 622.104 Belgen aan een gezondheidsprobleem te hebben door hun werk. - Peoplesphere\" \/>\n<meta property=\"og:description\" content=\"Het gaat daarbij om personen van 15 jaar ouder die werken of-gewerkt hebben. 55,4% van hen heeft bot-, gewrichts- of spierklachten. Op de tweede plaats volgt stress, depressie of angstgevoelens (25,9%). Dat blijkt uit nieuwe cijfers van Statbel, het Belgische [&hellip;]\" \/>\n<meta property=\"og:url\" content=\"https:\/\/peoplesphere.be\/nl\/2020-gaven-622-104-belgen-aan-gezondheidsprobleem-werk\/\" \/>\n<meta property=\"og:site_name\" content=\"Peoplesphere\" \/>\n<meta property=\"article:publisher\" content=\"https:\/\/www.facebook.com\/peoplesphere\" \/>\n<meta property=\"article:published_time\" content=\"2021-07-27T12:23:49+00:00\" \/>\n<meta property=\"og:image\" content=\"http:\/\/www.peoplesphere.be\/nl\/wp-content\/uploads\/2016\/07\/facebook-default-posting-1200x628px.jpg\" \/>\n<meta name=\"author\" content=\"Jean-Paul Erhard\" \/>\n<meta name=\"twitter:card\" content=\"summary_large_image\" \/>\n<meta name=\"twitter:creator\" content=\"@PeoplesphereMag\" \/>\n<meta name=\"twitter:site\" content=\"@PeoplesphereMag\" \/>\n<meta name=\"twitter:label1\" content=\"Geschreven door\" \/>\n\t<meta name=\"twitter:data1\" content=\"Jean-Paul Erhard\" \/>\n\t<meta name=\"twitter:label2\" content=\"Geschatte leestijd\" \/>\n\t<meta name=\"twitter:data2\" content=\"3 minuten\" \/>\n<script type=\"application\/ld+json\" class=\"yoast-schema-graph\">{\"@context\":\"https:\/\/schema.org\",\"@graph\":[{\"@type\":\"WebPage\",\"@id\":\"https:\/\/peoplesphere.be\/nl\/2020-gaven-622-104-belgen-aan-gezondheidsprobleem-werk\/\",\"url\":\"https:\/\/peoplesphere.be\/nl\/2020-gaven-622-104-belgen-aan-gezondheidsprobleem-werk\/\",\"name\":\"In 2020 gaven 622.104 Belgen aan een gezondheidsprobleem te hebben door hun werk. - Peoplesphere\",\"isPartOf\":{\"@id\":\"https:\/\/peoplesphere.be\/nl\/#website\"},\"datePublished\":\"2021-07-27T12:23:49+00:00\",\"dateModified\":\"2021-07-27T12:23:49+00:00\",\"author\":{\"@id\":\"https:\/\/peoplesphere.be\/nl\/#\/schema\/person\/0a1c21d8893dd9b9a2cd6e068b4e8cf5\"},\"breadcrumb\":{\"@id\":\"https:\/\/peoplesphere.be\/nl\/2020-gaven-622-104-belgen-aan-gezondheidsprobleem-werk\/#breadcrumb\"},\"inLanguage\":\"nl-NL\",\"potentialAction\":[{\"@type\":\"ReadAction\",\"target\":[\"https:\/\/peoplesphere.be\/nl\/2020-gaven-622-104-belgen-aan-gezondheidsprobleem-werk\/\"]}]},{\"@type\":\"BreadcrumbList\",\"@id\":\"https:\/\/peoplesphere.be\/nl\/2020-gaven-622-104-belgen-aan-gezondheidsprobleem-werk\/#breadcrumb\",\"itemListElement\":[{\"@type\":\"ListItem\",\"position\":1,\"name\":\"Accueil\",\"item\":\"https:\/\/peoplesphere.be\/nl\/\"},{\"@type\":\"ListItem\",\"position\":2,\"name\":\"In 2020 gaven 622.104 Belgen aan een gezondheidsprobleem te hebben door hun werk.\"}]},{\"@type\":\"WebSite\",\"@id\":\"https:\/\/peoplesphere.be\/nl\/#website\",\"url\":\"https:\/\/peoplesphere.be\/nl\/\",\"name\":\"Peoplesphere\",\"description\":\"The People Managers Magazine\",\"potentialAction\":[{\"@type\":\"SearchAction\",\"target\":{\"@type\":\"EntryPoint\",\"urlTemplate\":\"https:\/\/peoplesphere.be\/nl\/?s={search_term_string}\"},\"query-input\":\"required name=search_term_string\"}],\"inLanguage\":\"nl-NL\"},{\"@type\":\"Person\",\"@id\":\"https:\/\/peoplesphere.be\/nl\/#\/schema\/person\/0a1c21d8893dd9b9a2cd6e068b4e8cf5\",\"name\":\"Jean-Paul Erhard\",\"image\":{\"@type\":\"ImageObject\",\"inLanguage\":\"nl-NL\",\"@id\":\"https:\/\/peoplesphere.be\/nl\/#\/schema\/person\/image\/\",\"url\":\"https:\/\/secure.gravatar.com\/avatar\/f941e681460179738071629a51574930?s=96&d=mm&r=g\",\"contentUrl\":\"https:\/\/secure.gravatar.com\/avatar\/f941e681460179738071629a51574930?s=96&d=mm&r=g\",\"caption\":\"Jean-Paul Erhard\"},\"url\":\"https:\/\/peoplesphere.be\/nl\/author\/jpe\/\"}]}<\/script>\n<!-- \/ Yoast SEO plugin. -->","yoast_head_json":{"title":"In 2020 gaven 622.104 Belgen aan een gezondheidsprobleem te hebben door hun werk. - Peoplesphere","robots":{"index":"index","follow":"follow","max-snippet":"max-snippet:-1","max-image-preview":"max-image-preview:large","max-video-preview":"max-video-preview:-1"},"canonical":"https:\/\/peoplesphere.be\/nl\/2020-gaven-622-104-belgen-aan-gezondheidsprobleem-werk\/","og_locale":"nl_NL","og_type":"article","og_title":"In 2020 gaven 622.104 Belgen aan een gezondheidsprobleem te hebben door hun werk. - Peoplesphere","og_description":"Het gaat daarbij om personen van 15 jaar ouder die werken of-gewerkt hebben. 55,4% van hen heeft bot-, gewrichts- of spierklachten. Op de tweede plaats volgt stress, depressie of angstgevoelens (25,9%). Dat blijkt uit nieuwe cijfers van Statbel, het Belgische [&hellip;]","og_url":"https:\/\/peoplesphere.be\/nl\/2020-gaven-622-104-belgen-aan-gezondheidsprobleem-werk\/","og_site_name":"Peoplesphere","article_publisher":"https:\/\/www.facebook.com\/peoplesphere","article_published_time":"2021-07-27T12:23:49+00:00","og_image":[{"url":"http:\/\/www.peoplesphere.be\/nl\/wp-content\/uploads\/2016\/07\/facebook-default-posting-1200x628px.jpg"}],"author":"Jean-Paul Erhard","twitter_card":"summary_large_image","twitter_creator":"@PeoplesphereMag","twitter_site":"@PeoplesphereMag","twitter_misc":{"Geschreven door":"Jean-Paul Erhard","Geschatte leestijd":"3 minuten"},"schema":{"@context":"https:\/\/schema.org","@graph":[{"@type":"WebPage","@id":"https:\/\/peoplesphere.be\/nl\/2020-gaven-622-104-belgen-aan-gezondheidsprobleem-werk\/","url":"https:\/\/peoplesphere.be\/nl\/2020-gaven-622-104-belgen-aan-gezondheidsprobleem-werk\/","name":"In 2020 gaven 622.104 Belgen aan een gezondheidsprobleem te hebben door hun werk. - Peoplesphere","isPartOf":{"@id":"https:\/\/peoplesphere.be\/nl\/#website"},"datePublished":"2021-07-27T12:23:49+00:00","dateModified":"2021-07-27T12:23:49+00:00","author":{"@id":"https:\/\/peoplesphere.be\/nl\/#\/schema\/person\/0a1c21d8893dd9b9a2cd6e068b4e8cf5"},"breadcrumb":{"@id":"https:\/\/peoplesphere.be\/nl\/2020-gaven-622-104-belgen-aan-gezondheidsprobleem-werk\/#breadcrumb"},"inLanguage":"nl-NL","potentialAction":[{"@type":"ReadAction","target":["https:\/\/peoplesphere.be\/nl\/2020-gaven-622-104-belgen-aan-gezondheidsprobleem-werk\/"]}]},{"@type":"BreadcrumbList","@id":"https:\/\/peoplesphere.be\/nl\/2020-gaven-622-104-belgen-aan-gezondheidsprobleem-werk\/#breadcrumb","itemListElement":[{"@type":"ListItem","position":1,"name":"Accueil","item":"https:\/\/peoplesphere.be\/nl\/"},{"@type":"ListItem","position":2,"name":"In 2020 gaven 622.104 Belgen aan een gezondheidsprobleem te hebben door hun werk."}]},{"@type":"WebSite","@id":"https:\/\/peoplesphere.be\/nl\/#website","url":"https:\/\/peoplesphere.be\/nl\/","name":"Peoplesphere","description":"The People Managers Magazine","potentialAction":[{"@type":"SearchAction","target":{"@type":"EntryPoint","urlTemplate":"https:\/\/peoplesphere.be\/nl\/?s={search_term_string}"},"query-input":"required name=search_term_string"}],"inLanguage":"nl-NL"},{"@type":"Person","@id":"https:\/\/peoplesphere.be\/nl\/#\/schema\/person\/0a1c21d8893dd9b9a2cd6e068b4e8cf5","name":"Jean-Paul Erhard","image":{"@type":"ImageObject","inLanguage":"nl-NL","@id":"https:\/\/peoplesphere.be\/nl\/#\/schema\/person\/image\/","url":"https:\/\/secure.gravatar.com\/avatar\/f941e681460179738071629a51574930?s=96&d=mm&r=g","contentUrl":"https:\/\/secure.gravatar.com\/avatar\/f941e681460179738071629a51574930?s=96&d=mm&r=g","caption":"Jean-Paul Erhard"},"url":"https:\/\/peoplesphere.be\/nl\/author\/jpe\/"}]}},"_links":{"self":[{"href":"https:\/\/peoplesphere.be\/nl\/wp-json\/wp\/v2\/posts\/7987"}],"collection":[{"href":"https:\/\/peoplesphere.be\/nl\/wp-json\/wp\/v2\/posts"}],"about":[{"href":"https:\/\/peoplesphere.be\/nl\/wp-json\/wp\/v2\/types\/post"}],"author":[{"embeddable":true,"href":"https:\/\/peoplesphere.be\/nl\/wp-json\/wp\/v2\/users\/3"}],"replies":[{"embeddable":true,"href":"https:\/\/peoplesphere.be\/nl\/wp-json\/wp\/v2\/comments?post=7987"}],"version-history":[{"count":1,"href":"https:\/\/peoplesphere.be\/nl\/wp-json\/wp\/v2\/posts\/7987\/revisions"}],"predecessor-version":[{"id":7988,"href":"https:\/\/peoplesphere.be\/nl\/wp-json\/wp\/v2\/posts\/7987\/revisions\/7988"}],"wp:attachment":[{"href":"https:\/\/peoplesphere.be\/nl\/wp-json\/wp\/v2\/media?parent=7987"}],"wp:term":[{"taxonomy":"category","embeddable":true,"href":"https:\/\/peoplesphere.be\/nl\/wp-json\/wp\/v2\/categories?post=7987"},{"taxonomy":"post_tag","embeddable":true,"href":"https:\/\/peoplesphere.be\/nl\/wp-json\/wp\/v2\/tags?post=7987"}],"curies":[{"name":"wp","href":"https:\/\/api.w.org\/{rel}","templated":true}]}}