











{"id":8229,"date":"2021-10-06T10:13:30","date_gmt":"2021-10-06T09:13:30","guid":{"rendered":"https:\/\/peoplesphere.be\/nl\/?p=8229"},"modified":"2021-10-06T10:13:30","modified_gmt":"2021-10-06T09:13:30","slug":"37-belgische-bedrijven-investeert-opleiding-om-tekort-aan-talent-op-vangen","status":"publish","type":"post","link":"https:\/\/peoplesphere.be\/nl\/37-belgische-bedrijven-investeert-opleiding-om-tekort-aan-talent-op-vangen\/","title":{"rendered":"37% van de Belgische bedrijven investeert in opleiding om het tekort aan talent op te vangen."},"content":{"rendered":"<p>Terwijl de economie zich steeds sneller herstelt, is het gebrek aan gekwalificeerde arbeidskrachten \u00e9\u00e9n van de grootste bezorgdheden voor werkgevers in Belgi\u00eb en de rest van de wereld. Volgens de laatste ManpowerGroup Barometer voor de Tewerkstellingsvooruitzichten ondervindt 77% van de Belgische werkgevers moeilijkheden om hun vacatures in te vullen wegens een tekort aan arbeidskrachten. En om dit tekort het hoofd te bieden, investeert 37% van de 552 bedrijven die door de HR-specialist werden bevraagd in opleiding.<!--more--><\/p>\n<p>Naast de verplichte opleidingen die worden voorgeschreven door de reglementering en die door 62% van de bedrijven worden ge\u00efmplementeerd, geeft 59% van de werkgevers die bereid zijn in opleidingen te investeren, prioriteit aan de ontwikkeling van management- en leiderschapsvaardigheden. Volgens Philippe Lacroix, Managing Director van ManpowerGroup, \u201cis het beheer van teams tijdens de coronacrisis sterk veranderd door de explosieve toename van telewerken of hybride werken. Door de complexere behoeften \u2013 vooral op het vlak van gezondheid en welzijn \u2013 moeten de managers zich empathischer kunnen opstellen en ge\u00efndividualiseerde antwoorden kunnen bieden.\u201d Om te voorzien in de behoeften aan betere technische (hard skills) en persoonlijke vaardigheden (soft skills) geeft 58% van de werkgevers de voorkeur aan opleidingsmodules die zich verspreiden over minder dan zes weken. Tot slot biedt 55% van de bedrijven loopbaanbegeleiding aan, terwijl 53% zijn personeel opleidt in de thema\u2019s diversiteit en inclusie.<\/p>\n<p><strong><em>Alle werknemerscategorie\u00ebn zijn betrokken bij de opleidingsprogramma\u2019s<\/em><\/strong><\/p>\n<p>Uit de enqu\u00eate van ManpowerGroup blijkt dat er voor alle categorie\u00ebn van bedrijfspersoneel bijscholing en verbetering van de competenties (reskilling\/upskilling) nodig is, of het nu gaat om jonge afgestudeerden (38%), minder geschoold personeel (38%), hooggeschoold personeel (37%) of werknemers ouder dan 50 (22%).<\/p>\n<p>De kosten zijn niet de enige belemmering voor het opzetten van opleidingsprogramma&#8217;s<\/p>\n<p>De financi\u00eble kosten (22%) en het gebrek aan tijd (22%) zijn de twee voornaamste hinderpalen wat continue bijscholing betreft. Maar er is meer: een op de twee bedrijven ondervindt moeilijkheden bij de implementering van een passende opleidingsstrategie waarbij alle belanghebbenden worden betrokken. Dit kan te wijten zijn aan de moeilijkheid om geschikte opleidingspartners te vinden (11%) of aan een gebrek aan inzicht in hun eigen behoeften (11%).<\/p>\n<p><em>\u201cIn een wereld die steeds sneller verandert en geautomatiseerd, digitaal en virtueel wordt, staan de vaardigheden meer dan ooit onder druk en dreigen ze verouderd te geraken. Na &#8216;jobs, jobs, jobs&#8217; is de slogan op de arbeidsmarkt nu dan ook &#8216;opleidingen, opleidingen, opleidingen\u201d<\/em> besluit Philippe Lacroix.<\/p>\n","protected":false},"excerpt":{"rendered":"<p>Terwijl de economie zich steeds sneller herstelt, is het gebrek aan gekwalificeerde arbeidskrachten \u00e9\u00e9n van de grootste bezorgdheden voor werkgevers in Belgi\u00eb en de rest van de wereld. Volgens de laatste ManpowerGroup Barometer voor de Tewerkstellingsvooruitzichten ondervindt 77% van de [&hellip;]<\/p>\n","protected":false},"author":3,"featured_media":8231,"comment_status":"open","ping_status":"open","sticky":false,"template":"","format":"standard","meta":[],"categories":[3,4],"tags":[516,113,35,154],"yoast_head":"<!-- This site is optimized with the Yoast SEO plugin v20.12 - https:\/\/yoast.com\/wordpress\/plugins\/seo\/ -->\n<title>37% van de Belgische bedrijven investeert in opleiding om het tekort aan talent op te vangen. - Peoplesphere<\/title>\n<meta name=\"robots\" content=\"index, follow, max-snippet:-1, max-image-preview:large, max-video-preview:-1\" \/>\n<link rel=\"canonical\" href=\"https:\/\/peoplesphere.be\/nl\/37-belgische-bedrijven-investeert-opleiding-om-tekort-aan-talent-op-vangen\/\" \/>\n<meta property=\"og:locale\" content=\"nl_NL\" \/>\n<meta property=\"og:type\" content=\"article\" \/>\n<meta property=\"og:title\" content=\"37% van de Belgische bedrijven investeert in opleiding om het tekort aan talent op te vangen. - Peoplesphere\" \/>\n<meta property=\"og:description\" content=\"Terwijl de economie zich steeds sneller herstelt, is het gebrek aan gekwalificeerde arbeidskrachten \u00e9\u00e9n van de grootste bezorgdheden voor werkgevers in Belgi\u00eb en de rest van de wereld. Volgens de laatste ManpowerGroup Barometer voor de Tewerkstellingsvooruitzichten ondervindt 77% van de [&hellip;]\" \/>\n<meta property=\"og:url\" content=\"https:\/\/peoplesphere.be\/nl\/37-belgische-bedrijven-investeert-opleiding-om-tekort-aan-talent-op-vangen\/\" \/>\n<meta property=\"og:site_name\" content=\"Peoplesphere\" \/>\n<meta property=\"article:publisher\" content=\"https:\/\/www.facebook.com\/peoplesphere\" \/>\n<meta property=\"article:published_time\" content=\"2021-10-06T09:13:30+00:00\" \/>\n<meta property=\"og:image\" content=\"https:\/\/peoplesphere.be\/nl\/wp-content\/uploads\/2021\/10\/1-training_-priority_-BENL.png\" \/>\n\t<meta property=\"og:image:width\" content=\"1000\" \/>\n\t<meta property=\"og:image:height\" content=\"523\" \/>\n\t<meta property=\"og:image:type\" content=\"image\/png\" \/>\n<meta name=\"author\" content=\"Jean-Paul Erhard\" \/>\n<meta name=\"twitter:card\" content=\"summary_large_image\" \/>\n<meta name=\"twitter:creator\" content=\"@PeoplesphereMag\" \/>\n<meta name=\"twitter:site\" content=\"@PeoplesphereMag\" \/>\n<meta name=\"twitter:label1\" content=\"Geschreven door\" \/>\n\t<meta name=\"twitter:data1\" content=\"Jean-Paul Erhard\" \/>\n\t<meta name=\"twitter:label2\" content=\"Geschatte leestijd\" \/>\n\t<meta name=\"twitter:data2\" content=\"2 minuten\" \/>\n<script type=\"application\/ld+json\" class=\"yoast-schema-graph\">{\"@context\":\"https:\/\/schema.org\",\"@graph\":[{\"@type\":\"WebPage\",\"@id\":\"https:\/\/peoplesphere.be\/nl\/37-belgische-bedrijven-investeert-opleiding-om-tekort-aan-talent-op-vangen\/\",\"url\":\"https:\/\/peoplesphere.be\/nl\/37-belgische-bedrijven-investeert-opleiding-om-tekort-aan-talent-op-vangen\/\",\"name\":\"37% van de Belgische bedrijven investeert in opleiding om het tekort aan talent op te vangen. - Peoplesphere\",\"isPartOf\":{\"@id\":\"https:\/\/peoplesphere.be\/nl\/#website\"},\"datePublished\":\"2021-10-06T09:13:30+00:00\",\"dateModified\":\"2021-10-06T09:13:30+00:00\",\"author\":{\"@id\":\"https:\/\/peoplesphere.be\/nl\/#\/schema\/person\/0a1c21d8893dd9b9a2cd6e068b4e8cf5\"},\"breadcrumb\":{\"@id\":\"https:\/\/peoplesphere.be\/nl\/37-belgische-bedrijven-investeert-opleiding-om-tekort-aan-talent-op-vangen\/#breadcrumb\"},\"inLanguage\":\"nl-NL\",\"potentialAction\":[{\"@type\":\"ReadAction\",\"target\":[\"https:\/\/peoplesphere.be\/nl\/37-belgische-bedrijven-investeert-opleiding-om-tekort-aan-talent-op-vangen\/\"]}]},{\"@type\":\"BreadcrumbList\",\"@id\":\"https:\/\/peoplesphere.be\/nl\/37-belgische-bedrijven-investeert-opleiding-om-tekort-aan-talent-op-vangen\/#breadcrumb\",\"itemListElement\":[{\"@type\":\"ListItem\",\"position\":1,\"name\":\"Accueil\",\"item\":\"https:\/\/peoplesphere.be\/nl\/\"},{\"@type\":\"ListItem\",\"position\":2,\"name\":\"37% van de Belgische bedrijven investeert in opleiding om het tekort aan talent op te vangen.\"}]},{\"@type\":\"WebSite\",\"@id\":\"https:\/\/peoplesphere.be\/nl\/#website\",\"url\":\"https:\/\/peoplesphere.be\/nl\/\",\"name\":\"Peoplesphere\",\"description\":\"The People Managers Magazine\",\"potentialAction\":[{\"@type\":\"SearchAction\",\"target\":{\"@type\":\"EntryPoint\",\"urlTemplate\":\"https:\/\/peoplesphere.be\/nl\/?s={search_term_string}\"},\"query-input\":\"required name=search_term_string\"}],\"inLanguage\":\"nl-NL\"},{\"@type\":\"Person\",\"@id\":\"https:\/\/peoplesphere.be\/nl\/#\/schema\/person\/0a1c21d8893dd9b9a2cd6e068b4e8cf5\",\"name\":\"Jean-Paul Erhard\",\"image\":{\"@type\":\"ImageObject\",\"inLanguage\":\"nl-NL\",\"@id\":\"https:\/\/peoplesphere.be\/nl\/#\/schema\/person\/image\/\",\"url\":\"https:\/\/secure.gravatar.com\/avatar\/f941e681460179738071629a51574930?s=96&d=mm&r=g\",\"contentUrl\":\"https:\/\/secure.gravatar.com\/avatar\/f941e681460179738071629a51574930?s=96&d=mm&r=g\",\"caption\":\"Jean-Paul Erhard\"},\"url\":\"https:\/\/peoplesphere.be\/nl\/author\/jpe\/\"}]}<\/script>\n<!-- \/ Yoast SEO plugin. -->","yoast_head_json":{"title":"37% van de Belgische bedrijven investeert in opleiding om het tekort aan talent op te vangen. - Peoplesphere","robots":{"index":"index","follow":"follow","max-snippet":"max-snippet:-1","max-image-preview":"max-image-preview:large","max-video-preview":"max-video-preview:-1"},"canonical":"https:\/\/peoplesphere.be\/nl\/37-belgische-bedrijven-investeert-opleiding-om-tekort-aan-talent-op-vangen\/","og_locale":"nl_NL","og_type":"article","og_title":"37% van de Belgische bedrijven investeert in opleiding om het tekort aan talent op te vangen. - Peoplesphere","og_description":"Terwijl de economie zich steeds sneller herstelt, is het gebrek aan gekwalificeerde arbeidskrachten \u00e9\u00e9n van de grootste bezorgdheden voor werkgevers in Belgi\u00eb en de rest van de wereld. Volgens de laatste ManpowerGroup Barometer voor de Tewerkstellingsvooruitzichten ondervindt 77% van de [&hellip;]","og_url":"https:\/\/peoplesphere.be\/nl\/37-belgische-bedrijven-investeert-opleiding-om-tekort-aan-talent-op-vangen\/","og_site_name":"Peoplesphere","article_publisher":"https:\/\/www.facebook.com\/peoplesphere","article_published_time":"2021-10-06T09:13:30+00:00","og_image":[{"width":1000,"height":523,"url":"https:\/\/peoplesphere.be\/nl\/wp-content\/uploads\/2021\/10\/1-training_-priority_-BENL.png","type":"image\/png"}],"author":"Jean-Paul Erhard","twitter_card":"summary_large_image","twitter_creator":"@PeoplesphereMag","twitter_site":"@PeoplesphereMag","twitter_misc":{"Geschreven door":"Jean-Paul Erhard","Geschatte leestijd":"2 minuten"},"schema":{"@context":"https:\/\/schema.org","@graph":[{"@type":"WebPage","@id":"https:\/\/peoplesphere.be\/nl\/37-belgische-bedrijven-investeert-opleiding-om-tekort-aan-talent-op-vangen\/","url":"https:\/\/peoplesphere.be\/nl\/37-belgische-bedrijven-investeert-opleiding-om-tekort-aan-talent-op-vangen\/","name":"37% van de Belgische bedrijven investeert in opleiding om het tekort aan talent op te vangen. - Peoplesphere","isPartOf":{"@id":"https:\/\/peoplesphere.be\/nl\/#website"},"datePublished":"2021-10-06T09:13:30+00:00","dateModified":"2021-10-06T09:13:30+00:00","author":{"@id":"https:\/\/peoplesphere.be\/nl\/#\/schema\/person\/0a1c21d8893dd9b9a2cd6e068b4e8cf5"},"breadcrumb":{"@id":"https:\/\/peoplesphere.be\/nl\/37-belgische-bedrijven-investeert-opleiding-om-tekort-aan-talent-op-vangen\/#breadcrumb"},"inLanguage":"nl-NL","potentialAction":[{"@type":"ReadAction","target":["https:\/\/peoplesphere.be\/nl\/37-belgische-bedrijven-investeert-opleiding-om-tekort-aan-talent-op-vangen\/"]}]},{"@type":"BreadcrumbList","@id":"https:\/\/peoplesphere.be\/nl\/37-belgische-bedrijven-investeert-opleiding-om-tekort-aan-talent-op-vangen\/#breadcrumb","itemListElement":[{"@type":"ListItem","position":1,"name":"Accueil","item":"https:\/\/peoplesphere.be\/nl\/"},{"@type":"ListItem","position":2,"name":"37% van de Belgische bedrijven investeert in opleiding om het tekort aan talent op te vangen."}]},{"@type":"WebSite","@id":"https:\/\/peoplesphere.be\/nl\/#website","url":"https:\/\/peoplesphere.be\/nl\/","name":"Peoplesphere","description":"The People Managers Magazine","potentialAction":[{"@type":"SearchAction","target":{"@type":"EntryPoint","urlTemplate":"https:\/\/peoplesphere.be\/nl\/?s={search_term_string}"},"query-input":"required name=search_term_string"}],"inLanguage":"nl-NL"},{"@type":"Person","@id":"https:\/\/peoplesphere.be\/nl\/#\/schema\/person\/0a1c21d8893dd9b9a2cd6e068b4e8cf5","name":"Jean-Paul Erhard","image":{"@type":"ImageObject","inLanguage":"nl-NL","@id":"https:\/\/peoplesphere.be\/nl\/#\/schema\/person\/image\/","url":"https:\/\/secure.gravatar.com\/avatar\/f941e681460179738071629a51574930?s=96&d=mm&r=g","contentUrl":"https:\/\/secure.gravatar.com\/avatar\/f941e681460179738071629a51574930?s=96&d=mm&r=g","caption":"Jean-Paul Erhard"},"url":"https:\/\/peoplesphere.be\/nl\/author\/jpe\/"}]}},"_links":{"self":[{"href":"https:\/\/peoplesphere.be\/nl\/wp-json\/wp\/v2\/posts\/8229"}],"collection":[{"href":"https:\/\/peoplesphere.be\/nl\/wp-json\/wp\/v2\/posts"}],"about":[{"href":"https:\/\/peoplesphere.be\/nl\/wp-json\/wp\/v2\/types\/post"}],"author":[{"embeddable":true,"href":"https:\/\/peoplesphere.be\/nl\/wp-json\/wp\/v2\/users\/3"}],"replies":[{"embeddable":true,"href":"https:\/\/peoplesphere.be\/nl\/wp-json\/wp\/v2\/comments?post=8229"}],"version-history":[{"count":1,"href":"https:\/\/peoplesphere.be\/nl\/wp-json\/wp\/v2\/posts\/8229\/revisions"}],"predecessor-version":[{"id":8232,"href":"https:\/\/peoplesphere.be\/nl\/wp-json\/wp\/v2\/posts\/8229\/revisions\/8232"}],"wp:featuredmedia":[{"embeddable":true,"href":"https:\/\/peoplesphere.be\/nl\/wp-json\/wp\/v2\/media\/8231"}],"wp:attachment":[{"href":"https:\/\/peoplesphere.be\/nl\/wp-json\/wp\/v2\/media?parent=8229"}],"wp:term":[{"taxonomy":"category","embeddable":true,"href":"https:\/\/peoplesphere.be\/nl\/wp-json\/wp\/v2\/categories?post=8229"},{"taxonomy":"post_tag","embeddable":true,"href":"https:\/\/peoplesphere.be\/nl\/wp-json\/wp\/v2\/tags?post=8229"}],"curies":[{"name":"wp","href":"https:\/\/api.w.org\/{rel}","templated":true}]}}