











{"id":8357,"date":"2021-11-17T20:46:46","date_gmt":"2021-11-17T19:46:46","guid":{"rendered":"https:\/\/peoplesphere.be\/nl\/?p=8357"},"modified":"2021-11-17T20:46:46","modified_gmt":"2021-11-17T19:46:46","slug":"beslissingen-overlegcomite-voortaan-brede-mondmaskerplicht-en-verplicht-telewerk","status":"publish","type":"post","link":"https:\/\/peoplesphere.be\/nl\/beslissingen-overlegcomite-voortaan-brede-mondmaskerplicht-en-verplicht-telewerk\/","title":{"rendered":"Beslissingen van het Overlegcomit\u00e9: voortaan brede mondmaskerplicht en verplicht telewerk."},"content":{"rendered":"<p>Het aantal besmettingen, ziekenhuisopnames als het aantal pati\u00ebnten op intensieve zorg is de voorbije twee weken bijna verdubbeld. Het Overlegcomit\u00e9 heeft vandaag de coronasituatie in ons land besproken en een reeks nieuwe beschermingsmaatregelen beslist. Zo komt er een brede mondmaskerplicht en verplicht telewerk. Een strikte naleving is noodzakelijk als we een lockdown willen vermijden.<!--more--><\/p>\n<p>Om een totale overbelasting van het gezondheidssysteem te vermijden en het onderwijs en onze economie zo normaal mogelijk te laten functioneren, heeft het Overlegcomit\u00e9 een reeks beschermingsmaatregelen genomen.<\/p>\n<p><strong><em>Veilige afstand en beperking sociale contacten<\/em><\/strong><br \/>\nHet is absoluut belangrijk dat mensen de basisregels respecteren waarmee we de verspreiding van het coronavirus kunnen tegengaan.\u00a0Het gaat met name om het respecteren van de veilige afstand van 1,5 meter en het beperken van het aantal sociale contacten.\u00a0Het Overlegcomit\u00e9 beveelt ten zeerste aan om de sociale contacten maximaal te beperken en deze bij voorkeur buiten te laten doorgaan.<\/p>\n<p><strong><em>Brede mondmaskerplicht<\/em><\/strong><br \/>\nEr komt een brede mondmaskerplicht. Zo dient het mondmasker verplicht te worden gedragen in de volgende situaties:<\/p>\n<ul>\n<li>in de besloten ruimtes van het openbaar vervoer en het georganiseerd collectief vervoer;<\/li>\n<li>bij de medische en niet-medische contactberoepen;<\/li>\n<li>in zorginstellingen;<\/li>\n<li>in inrichtingen en plaatsen waar horeca-activiteiten worden uitgeoefend;<\/li>\n<li>bij evenementen, zowel indoor als outdoor en ongeacht de grootte van het evenement;<\/li>\n<li>in winkels en winkelcentra;<\/li>\n<li>in publiek toegankelijke ruimtes van bedrijven, overheidsbesturen;<\/li>\n<li>in publieke gebouwen en gerechtsgebouwen;<\/li>\n<li>in bibliotheken, spelotheken en mediatheken;<\/li>\n<li>in publiek toegankelijke ruimtes van de inrichtingen behorende tot de culturele, feestelijke, sportieve, recreatieve en evenementensector;<\/li>\n<li>in fitnesscentra<\/li>\n<li>in gebouwen voor de erediensten.<\/li>\n<\/ul>\n<p>De mondmaskerplicht geldt vanaf de leeftijd van 10 jaar. Wat het onderwijs betreft, beslissen de gemeenschappen of zij een mondmaskerplicht voor kinderen jonger dan 12 willen invoeren.\u00a0Het mondmasker mag enkel occasioneel worden afgezet om zittend te eten en te drinken, en wanneer het dragen ervan onmogelijk is omwille van de aard van de activiteit, bijvoorbeeld tijdens het sporten.<\/p>\n<p><strong><em>Covid Safe Ticket+<\/em><\/strong><br \/>\nHet Covid Safe Ticket is een bewijs van volledige vaccinatie, van een recente negatieve PCR-test of van een herstelcertificaat. Het Ticket geeft toegang geeft tot bijvoorbeeld evenementen en de horeca.\u00a0Het Overlegcomit\u00e9 beslist dat op plaatsen en evenementen waar het Covid Safe Ticket van toepassing is, ook het mondmasker verplicht wordt. Dus Covid Safe Ticket + mondmasker.<\/p>\n<p>Het Covid Safe Ticket + mondmasker wordt verplicht voor:<\/p>\n<ul>\n<li>publieke evenementen en private bijeenkomsten met meer dan 50 personen binnen of meer dan 100 personen buiten,<\/li>\n<li>horeca (incl. priv\u00e9-bijeenkomsten die er plaats vinden),<\/li>\n<li>schouwburgen, concertzalen, musichalls, cabarets en andere accommodaties voor podiumkunst, culturele centra en multifunctionele zalen voor culturele activiteiten, indoor circus, cinema&#8217;s, musea en (indoor) pret- en themaparken.<\/li>\n<\/ul>\n<p>Discotheken en dancings die geen verplichte mondmaskerdracht willen toepassen, moeten hun bezoekers verplichten het Covid Safe Ticket te combineren met een zelftest ter plaatse. Dus Covid Safe Ticket + zelftest.<\/p>\n<p><strong><em>Verplicht telewerk<\/em><\/strong><br \/>\nTelewerk wordt verplicht in de priv\u00e9sector en bij alle openbare besturen, tenzij dit onmogelijk is omwille van de aard van de functie of de continu\u00efteit van de bedrijfsvoering. Per personeelslid is \u00e9\u00e9n terugkeerdag per week mogelijk. Vanaf 13 december wordt het aantal terugkeerdagen opgetrokken naar maximaal twee per personeelslid.\u00a0Dit moet bijdragen aan het verminderen van het aantal contacten, ook op het openbaar vervoer.\u00a0Er moet een maandelijks elektronisch register bijgehouden worden dat ter beschikking gesteld wordt via het portaal van de sociale zekerheid.<\/p>\n<p><strong><em>Veralgemeende extra vaccinatie<\/em><\/strong><br \/>\nVoor iedereen die volledig gevaccineerd is, komt er zo snel mogelijk een extra vaccinatie of boosterprik.\u00a0Een bijkomende vaccinatiedosis was al voorzien voor een aantal doelgroepen, waaronder 65-plussers, personen met verminderde immuniteit of zij die werden inge\u00ebnt met Johnson &amp; Johnson. Nu zal ook de rest van de bevolking in aanmerking komen voor een extra prik.\u00a0Voor de 5 tot 11-jarigen zal de vaccinatie zo snel mogelijk opgestart worden, indien gunstig advies van de Hoge Gezondheidsraad en het Comit\u00e9 voor Bio-Ethiek en na goedkeuring van het Europees Geneesmiddelen Agentschap en op vrijwillige basis.<\/p>\n<p><strong><em>Ventilatie<\/em><\/strong><br \/>\nOm de luchtkwaliteit in scholen en bedrijven goed op te volgen, vraagt het Overlegcomit\u00e9 aan de regionale ministers van Onderwijs en Werk om ervoor te zorgen dat er versneld en veralgemeend CO2-meters komen in alle lokalen van scholen en bedrijven waar veel mensen samenkomen.\u00a0De maatregelen zullen ingaan op 20 november 2021 en gelden tot 28 januari 2022. Begin januari komt het Overlegcomit\u00e9 samen om de maatregelen te evalueren.<\/p>\n<p><strong><em>Bron : FOD Kanselarij van Premier A. DeCroo<\/em><\/strong><\/p>\n","protected":false},"excerpt":{"rendered":"<p>Het aantal besmettingen, ziekenhuisopnames als het aantal pati\u00ebnten op intensieve zorg is de voorbije twee weken bijna verdubbeld. Het Overlegcomit\u00e9 heeft vandaag de coronasituatie in ons land besproken en een reeks nieuwe beschermingsmaatregelen beslist. Zo komt er een brede mondmaskerplicht [&hellip;]<\/p>\n","protected":false},"author":3,"featured_media":0,"comment_status":"open","ping_status":"open","sticky":false,"template":"","format":"standard","meta":[],"categories":[3,4],"tags":[2560,2988,223,2542,97,496,43],"yoast_head":"<!-- This site is optimized with the Yoast SEO plugin v20.12 - https:\/\/yoast.com\/wordpress\/plugins\/seo\/ -->\n<title>Beslissingen van het Overlegcomit\u00e9: voortaan brede mondmaskerplicht en verplicht telewerk. - Peoplesphere<\/title>\n<meta name=\"robots\" content=\"index, follow, max-snippet:-1, max-image-preview:large, max-video-preview:-1\" \/>\n<link rel=\"canonical\" href=\"https:\/\/peoplesphere.be\/nl\/beslissingen-overlegcomite-voortaan-brede-mondmaskerplicht-en-verplicht-telewerk\/\" \/>\n<meta property=\"og:locale\" content=\"nl_NL\" \/>\n<meta property=\"og:type\" content=\"article\" \/>\n<meta property=\"og:title\" content=\"Beslissingen van het Overlegcomit\u00e9: voortaan brede mondmaskerplicht en verplicht telewerk. - Peoplesphere\" \/>\n<meta property=\"og:description\" content=\"Het aantal besmettingen, ziekenhuisopnames als het aantal pati\u00ebnten op intensieve zorg is de voorbije twee weken bijna verdubbeld. Het Overlegcomit\u00e9 heeft vandaag de coronasituatie in ons land besproken en een reeks nieuwe beschermingsmaatregelen beslist. Zo komt er een brede mondmaskerplicht [&hellip;]\" \/>\n<meta property=\"og:url\" content=\"https:\/\/peoplesphere.be\/nl\/beslissingen-overlegcomite-voortaan-brede-mondmaskerplicht-en-verplicht-telewerk\/\" \/>\n<meta property=\"og:site_name\" content=\"Peoplesphere\" \/>\n<meta property=\"article:publisher\" content=\"https:\/\/www.facebook.com\/peoplesphere\" \/>\n<meta property=\"article:published_time\" content=\"2021-11-17T19:46:46+00:00\" \/>\n<meta property=\"og:image\" content=\"http:\/\/www.peoplesphere.be\/nl\/wp-content\/uploads\/2016\/07\/facebook-default-posting-1200x628px.jpg\" \/>\n<meta name=\"author\" content=\"Jean-Paul Erhard\" \/>\n<meta name=\"twitter:card\" content=\"summary_large_image\" \/>\n<meta name=\"twitter:creator\" content=\"@PeoplesphereMag\" \/>\n<meta name=\"twitter:site\" content=\"@PeoplesphereMag\" \/>\n<meta name=\"twitter:label1\" content=\"Geschreven door\" \/>\n\t<meta name=\"twitter:data1\" content=\"Jean-Paul Erhard\" \/>\n\t<meta name=\"twitter:label2\" content=\"Geschatte leestijd\" \/>\n\t<meta name=\"twitter:data2\" content=\"4 minuten\" \/>\n<script type=\"application\/ld+json\" class=\"yoast-schema-graph\">{\"@context\":\"https:\/\/schema.org\",\"@graph\":[{\"@type\":\"WebPage\",\"@id\":\"https:\/\/peoplesphere.be\/nl\/beslissingen-overlegcomite-voortaan-brede-mondmaskerplicht-en-verplicht-telewerk\/\",\"url\":\"https:\/\/peoplesphere.be\/nl\/beslissingen-overlegcomite-voortaan-brede-mondmaskerplicht-en-verplicht-telewerk\/\",\"name\":\"Beslissingen van het Overlegcomit\u00e9: voortaan brede mondmaskerplicht en verplicht telewerk. - Peoplesphere\",\"isPartOf\":{\"@id\":\"https:\/\/peoplesphere.be\/nl\/#website\"},\"datePublished\":\"2021-11-17T19:46:46+00:00\",\"dateModified\":\"2021-11-17T19:46:46+00:00\",\"author\":{\"@id\":\"https:\/\/peoplesphere.be\/nl\/#\/schema\/person\/0a1c21d8893dd9b9a2cd6e068b4e8cf5\"},\"breadcrumb\":{\"@id\":\"https:\/\/peoplesphere.be\/nl\/beslissingen-overlegcomite-voortaan-brede-mondmaskerplicht-en-verplicht-telewerk\/#breadcrumb\"},\"inLanguage\":\"nl-NL\",\"potentialAction\":[{\"@type\":\"ReadAction\",\"target\":[\"https:\/\/peoplesphere.be\/nl\/beslissingen-overlegcomite-voortaan-brede-mondmaskerplicht-en-verplicht-telewerk\/\"]}]},{\"@type\":\"BreadcrumbList\",\"@id\":\"https:\/\/peoplesphere.be\/nl\/beslissingen-overlegcomite-voortaan-brede-mondmaskerplicht-en-verplicht-telewerk\/#breadcrumb\",\"itemListElement\":[{\"@type\":\"ListItem\",\"position\":1,\"name\":\"Accueil\",\"item\":\"https:\/\/peoplesphere.be\/nl\/\"},{\"@type\":\"ListItem\",\"position\":2,\"name\":\"Beslissingen van het Overlegcomit\u00e9: voortaan brede mondmaskerplicht en verplicht telewerk.\"}]},{\"@type\":\"WebSite\",\"@id\":\"https:\/\/peoplesphere.be\/nl\/#website\",\"url\":\"https:\/\/peoplesphere.be\/nl\/\",\"name\":\"Peoplesphere\",\"description\":\"The People Managers Magazine\",\"potentialAction\":[{\"@type\":\"SearchAction\",\"target\":{\"@type\":\"EntryPoint\",\"urlTemplate\":\"https:\/\/peoplesphere.be\/nl\/?s={search_term_string}\"},\"query-input\":\"required name=search_term_string\"}],\"inLanguage\":\"nl-NL\"},{\"@type\":\"Person\",\"@id\":\"https:\/\/peoplesphere.be\/nl\/#\/schema\/person\/0a1c21d8893dd9b9a2cd6e068b4e8cf5\",\"name\":\"Jean-Paul Erhard\",\"image\":{\"@type\":\"ImageObject\",\"inLanguage\":\"nl-NL\",\"@id\":\"https:\/\/peoplesphere.be\/nl\/#\/schema\/person\/image\/\",\"url\":\"https:\/\/secure.gravatar.com\/avatar\/f941e681460179738071629a51574930?s=96&d=mm&r=g\",\"contentUrl\":\"https:\/\/secure.gravatar.com\/avatar\/f941e681460179738071629a51574930?s=96&d=mm&r=g\",\"caption\":\"Jean-Paul Erhard\"},\"url\":\"https:\/\/peoplesphere.be\/nl\/author\/jpe\/\"}]}<\/script>\n<!-- \/ Yoast SEO plugin. -->","yoast_head_json":{"title":"Beslissingen van het Overlegcomit\u00e9: voortaan brede mondmaskerplicht en verplicht telewerk. - Peoplesphere","robots":{"index":"index","follow":"follow","max-snippet":"max-snippet:-1","max-image-preview":"max-image-preview:large","max-video-preview":"max-video-preview:-1"},"canonical":"https:\/\/peoplesphere.be\/nl\/beslissingen-overlegcomite-voortaan-brede-mondmaskerplicht-en-verplicht-telewerk\/","og_locale":"nl_NL","og_type":"article","og_title":"Beslissingen van het Overlegcomit\u00e9: voortaan brede mondmaskerplicht en verplicht telewerk. - Peoplesphere","og_description":"Het aantal besmettingen, ziekenhuisopnames als het aantal pati\u00ebnten op intensieve zorg is de voorbije twee weken bijna verdubbeld. Het Overlegcomit\u00e9 heeft vandaag de coronasituatie in ons land besproken en een reeks nieuwe beschermingsmaatregelen beslist. Zo komt er een brede mondmaskerplicht [&hellip;]","og_url":"https:\/\/peoplesphere.be\/nl\/beslissingen-overlegcomite-voortaan-brede-mondmaskerplicht-en-verplicht-telewerk\/","og_site_name":"Peoplesphere","article_publisher":"https:\/\/www.facebook.com\/peoplesphere","article_published_time":"2021-11-17T19:46:46+00:00","og_image":[{"url":"http:\/\/www.peoplesphere.be\/nl\/wp-content\/uploads\/2016\/07\/facebook-default-posting-1200x628px.jpg"}],"author":"Jean-Paul Erhard","twitter_card":"summary_large_image","twitter_creator":"@PeoplesphereMag","twitter_site":"@PeoplesphereMag","twitter_misc":{"Geschreven door":"Jean-Paul Erhard","Geschatte leestijd":"4 minuten"},"schema":{"@context":"https:\/\/schema.org","@graph":[{"@type":"WebPage","@id":"https:\/\/peoplesphere.be\/nl\/beslissingen-overlegcomite-voortaan-brede-mondmaskerplicht-en-verplicht-telewerk\/","url":"https:\/\/peoplesphere.be\/nl\/beslissingen-overlegcomite-voortaan-brede-mondmaskerplicht-en-verplicht-telewerk\/","name":"Beslissingen van het Overlegcomit\u00e9: voortaan brede mondmaskerplicht en verplicht telewerk. - Peoplesphere","isPartOf":{"@id":"https:\/\/peoplesphere.be\/nl\/#website"},"datePublished":"2021-11-17T19:46:46+00:00","dateModified":"2021-11-17T19:46:46+00:00","author":{"@id":"https:\/\/peoplesphere.be\/nl\/#\/schema\/person\/0a1c21d8893dd9b9a2cd6e068b4e8cf5"},"breadcrumb":{"@id":"https:\/\/peoplesphere.be\/nl\/beslissingen-overlegcomite-voortaan-brede-mondmaskerplicht-en-verplicht-telewerk\/#breadcrumb"},"inLanguage":"nl-NL","potentialAction":[{"@type":"ReadAction","target":["https:\/\/peoplesphere.be\/nl\/beslissingen-overlegcomite-voortaan-brede-mondmaskerplicht-en-verplicht-telewerk\/"]}]},{"@type":"BreadcrumbList","@id":"https:\/\/peoplesphere.be\/nl\/beslissingen-overlegcomite-voortaan-brede-mondmaskerplicht-en-verplicht-telewerk\/#breadcrumb","itemListElement":[{"@type":"ListItem","position":1,"name":"Accueil","item":"https:\/\/peoplesphere.be\/nl\/"},{"@type":"ListItem","position":2,"name":"Beslissingen van het Overlegcomit\u00e9: voortaan brede mondmaskerplicht en verplicht telewerk."}]},{"@type":"WebSite","@id":"https:\/\/peoplesphere.be\/nl\/#website","url":"https:\/\/peoplesphere.be\/nl\/","name":"Peoplesphere","description":"The People Managers Magazine","potentialAction":[{"@type":"SearchAction","target":{"@type":"EntryPoint","urlTemplate":"https:\/\/peoplesphere.be\/nl\/?s={search_term_string}"},"query-input":"required name=search_term_string"}],"inLanguage":"nl-NL"},{"@type":"Person","@id":"https:\/\/peoplesphere.be\/nl\/#\/schema\/person\/0a1c21d8893dd9b9a2cd6e068b4e8cf5","name":"Jean-Paul Erhard","image":{"@type":"ImageObject","inLanguage":"nl-NL","@id":"https:\/\/peoplesphere.be\/nl\/#\/schema\/person\/image\/","url":"https:\/\/secure.gravatar.com\/avatar\/f941e681460179738071629a51574930?s=96&d=mm&r=g","contentUrl":"https:\/\/secure.gravatar.com\/avatar\/f941e681460179738071629a51574930?s=96&d=mm&r=g","caption":"Jean-Paul Erhard"},"url":"https:\/\/peoplesphere.be\/nl\/author\/jpe\/"}]}},"_links":{"self":[{"href":"https:\/\/peoplesphere.be\/nl\/wp-json\/wp\/v2\/posts\/8357"}],"collection":[{"href":"https:\/\/peoplesphere.be\/nl\/wp-json\/wp\/v2\/posts"}],"about":[{"href":"https:\/\/peoplesphere.be\/nl\/wp-json\/wp\/v2\/types\/post"}],"author":[{"embeddable":true,"href":"https:\/\/peoplesphere.be\/nl\/wp-json\/wp\/v2\/users\/3"}],"replies":[{"embeddable":true,"href":"https:\/\/peoplesphere.be\/nl\/wp-json\/wp\/v2\/comments?post=8357"}],"version-history":[{"count":1,"href":"https:\/\/peoplesphere.be\/nl\/wp-json\/wp\/v2\/posts\/8357\/revisions"}],"predecessor-version":[{"id":8358,"href":"https:\/\/peoplesphere.be\/nl\/wp-json\/wp\/v2\/posts\/8357\/revisions\/8358"}],"wp:attachment":[{"href":"https:\/\/peoplesphere.be\/nl\/wp-json\/wp\/v2\/media?parent=8357"}],"wp:term":[{"taxonomy":"category","embeddable":true,"href":"https:\/\/peoplesphere.be\/nl\/wp-json\/wp\/v2\/categories?post=8357"},{"taxonomy":"post_tag","embeddable":true,"href":"https:\/\/peoplesphere.be\/nl\/wp-json\/wp\/v2\/tags?post=8357"}],"curies":[{"name":"wp","href":"https:\/\/api.w.org\/{rel}","templated":true}]}}