











{"id":8683,"date":"2022-02-11T18:25:45","date_gmt":"2022-02-11T17:25:45","guid":{"rendered":"https:\/\/peoplesphere.be\/nl\/?p=8683"},"modified":"2022-02-11T18:25:45","modified_gmt":"2022-02-11T17:25:45","slug":"30-inclusieve-brusselse-ondernemingen-worden-actiris-beloond-officieel-diversiteitslabel","status":"publish","type":"post","link":"https:\/\/peoplesphere.be\/nl\/30-inclusieve-brusselse-ondernemingen-worden-actiris-beloond-officieel-diversiteitslabel\/","title":{"rendered":"30 inclusieve Brusselse ondernemingen worden door Actiris beloond met officieel diversiteitslabel."},"content":{"rendered":"<p>Op vrijdag 11 februari reikt Actiris voor de 13e keer de Diversiteitslabels uit. Die labels zijn de beloning voor ondernemingen die een diversiteitsplan uitwerken en invoeren en vervolgens een positieve evaluatie krijgen van Actiris. In zo&#8217;n plan staan concrete acties om diversiteit te promoten en te strijden tegen discriminatie binnen de eigen organisatie. Een oogst van 2021 mag er zijn: een recordaantal van 30 ondernemingen wordt beloond voor hun inspanningen. Vorig jaar waren het er nog 25.<!--more--><\/p>\n<p>Eerst wordt er een stand van zaken opgemaakt van de huidige diversiteit en het beleid daarrond binnen de onderneming: een soort \u2018foto\u2019 van de huidige situatie.<\/p>\n<p>Daarna wordt een plan gemaakt samen met de werkgever, met acties om de diversiteit binnen de onderneming te verbeteren. De focus ligt daarbij op de doelgroepen van het Brusselse diversiteitsbeleid (op basis van origine, leeftijd, handicap, scholingsgraad en geslacht). Het plan kan uitgerold worden in uiteenlopende domeinen: rekrutering en selectie, personeelsbeleid, interne communicatie en externe positionering.<\/p>\n<p>Na twee jaar wordt het diversiteitsplan ge\u00ebvalueerd. Bij een positieve evaluatie kan het bedrijf een label aanvragen bij het Gewest. Dat label wordt overhandigd door de Brusselse Minister voor Werk aan alle werkgevers die verscheidenheid in hun onderneming herkennen, respecteren en valoriseren. Het label is twee jaar geldig en kan gedurende die periode door de werkgever vrij gebruikt worden voor communicatie. Een verlenging is mogelijk bij een positieve evaluatie, wat ondernemingen de kans geeft om op nieuwe thema&#8217;s te werken.<\/p>\n<p><em>\u201cDe diversiteitsplannen maken het mogelijk voor ondernemingen om nieuwe uitdagingen aan te kunnen. Om een voorbeeld te noemen: de veralgemening van thuiswerk, ook al geldt ze niet voor iedereen, zal een impact hebben op ons allemaal. Het is belangrijk om er een wapen voor inclusie en niet voor uitsluiting van te maken. Dankzij de diversiteitsplannen en onze diversiteitsconsulenten en -consulentes wil Actiris bedrijven helpen met voortrekkers worden voor meer inclusie in onze samenleving\u201d<\/em>, vertelt Cathy Van Remoortere, directrice Arbeidsmarkt en Inclusie bij Actiris.<\/p>\n<p><strong><em>De laureaten van 2021<\/em><\/strong><\/p>\n<p>De fiere laureaten van 2021 zijn de volgende: <em>Dokters van de Wereld, Info-Sourds, Faceo, Cegelec, Kinderdagverblijven Actiris, Hoppa, Chapelle de Bourgogne, Turbel, InBrussel, COIB-BOIC, Bruxeo, SAP-Belgium&amp;Lux, de Europa Ziekenhuizen, VUB, NMBS, Randstad, Espace Social T\u00e9l\u00e9 Service, Audi, Gammes, Multijobs, GAMS, Sophia Group, CP Group, BePax, Justice &amp; Paix, Amnesty International (BF), L\u2019Oreal, Eko Services, Pfizer en Eurobussing (Keolis).<\/em><\/p>\n<p>De diversiteitsdienst van Actiris heeft in totaal al 273 werkgevers geholpen bij hun diversiteitsplan, goed voor een totaal van meer dan 100 000 Brusselse werknemers.<\/p>\n<p>Bernard Clerfayt, Brussels minister van Werk: \u201c<em>Alle Brusselaars, waar ze ook vandaan kopen, hoe oud ze ook zijn, los van wat hun geslacht of gender is of waar ze ook wonen, moeten gelijke toegang tot werk krijgen: dat is de grote uitdaging in Brussel. Diversiteit is een potenti\u00eble rijkdom voor werkgevers. Maar vandaag blokkeren er nog altijd veel obstakels de weg naar een echte bedrijfsstrategie rond diversiteit. Daarom ontwikkelen we met de overheidsdiensten aangepaste tools als de diversiteitsplannen en -labels voor de Brusselse ondernemingen, om van diversiteit een onbetwistbare rijkdom te maken.\u201d<\/em><\/p>\n<p><strong><em>Wat brengt diversiteit nu juist bij aan een onderneming?<\/em><\/strong><\/p>\n<p><em>\u201cDiversiteit, in al haar dimensies, is een kernwaarde binnen de Europa Ziekenhuizen. Wij zijn ervan overtuigd dat geslacht, afkomst, leeftijd, seksuele ori\u00ebntatie, levensfilosofie of handicap elementen zijn die deel uitmaken van onze individualiteit en de kracht van onze teams.\u201d<\/em> zegt Dorien De Man, stafmedewerker vorming en co\u00f6rdinator van het diversiteitsplan van de Europa Ziekenhuizen. <em>\u201cMet dit label willen wij de verschillende doelgroepen stimuleren om bij ons te komen werken en om hun twijfels, die hen misschien doen denken dat ze bij ons niet kunnen worden aangenomen, opzij te zetten.\u201d<\/em><\/p>\n<p><em>\u201cDit label is een beloning voor het werk van de teams van NMBS die hun krachten hebben gebundeld om onze bedrijfscultuur inclusiever te maken. Als \u00e9\u00e9n van de grootste werkgevers van Belgi\u00eb en met honderdduizenden reizigers per dag, wil NMBS de diversiteit van onze maatschappij zo goed mogelijk vertegenwoordigen. Een onderneming die haar klanten weerspiegelt is inderdaad een prioriteit en dit label moedigt ons aan om op de ingeslagen weg verder te gaan en nog beter te doen\u201d<\/em>, zegt Sophie Dutordoir, CEO van NMBS.<\/p>\n<p>Karen Celis, academisch co\u00f6rdinator gelijkheid aan de VUB: <em>\u201cWij zijn trots op dit diversiteitslabel. Het is een erkenning voor alle inspanningen die VUB medewerkers en de vele VUB-studenten hebben gedaan en het is een stimulans om verder te gaan op het ingeslagen pad. Zoals de laatste tijd duidelijk werd, hebben we wel nog werk te doen. Maar een weg terug is er niet. De inclusieve universiteit is de universiteit van de toekomst. We hebben net een schrijfbeurs gelanceerd om het doctoraatstraject inclusiever en diverser te maken. Wij werken verder aan diverse en inclusieve curricula. Wij willen kennis over achterstelling en ongelijkheid verder opbouwen en verspreiden, kansen cre\u00ebren voor excellente studenten en medewerkers, en van de universiteit een studeer- en werkplek maken waar iedereen zich gerepresenteerd en gerespecteerd voelt en kan floreren.\u201d<\/em><\/p>\n","protected":false},"excerpt":{"rendered":"<p>Op vrijdag 11 februari reikt Actiris voor de 13e keer de Diversiteitslabels uit. Die labels zijn de beloning voor ondernemingen die een diversiteitsplan uitwerken en invoeren en vervolgens een positieve evaluatie krijgen van Actiris. In zo&#8217;n plan staan concrete acties [&hellip;]<\/p>\n","protected":false},"author":3,"featured_media":8685,"comment_status":"open","ping_status":"open","sticky":false,"template":"","format":"standard","meta":[],"categories":[3,4],"tags":[737,87,2106],"yoast_head":"<!-- This site is optimized with the Yoast SEO plugin v20.12 - https:\/\/yoast.com\/wordpress\/plugins\/seo\/ -->\n<title>30 inclusieve Brusselse ondernemingen worden door Actiris beloond met officieel diversiteitslabel. - Peoplesphere<\/title>\n<meta name=\"robots\" content=\"index, follow, max-snippet:-1, max-image-preview:large, max-video-preview:-1\" \/>\n<link rel=\"canonical\" href=\"https:\/\/peoplesphere.be\/nl\/30-inclusieve-brusselse-ondernemingen-worden-actiris-beloond-officieel-diversiteitslabel\/\" \/>\n<meta property=\"og:locale\" content=\"nl_NL\" \/>\n<meta property=\"og:type\" content=\"article\" \/>\n<meta property=\"og:title\" content=\"30 inclusieve Brusselse ondernemingen worden door Actiris beloond met officieel diversiteitslabel. - Peoplesphere\" \/>\n<meta property=\"og:description\" content=\"Op vrijdag 11 februari reikt Actiris voor de 13e keer de Diversiteitslabels uit. Die labels zijn de beloning voor ondernemingen die een diversiteitsplan uitwerken en invoeren en vervolgens een positieve evaluatie krijgen van Actiris. In zo&#8217;n plan staan concrete acties [&hellip;]\" \/>\n<meta property=\"og:url\" content=\"https:\/\/peoplesphere.be\/nl\/30-inclusieve-brusselse-ondernemingen-worden-actiris-beloond-officieel-diversiteitslabel\/\" \/>\n<meta property=\"og:site_name\" content=\"Peoplesphere\" \/>\n<meta property=\"article:publisher\" content=\"https:\/\/www.facebook.com\/peoplesphere\" \/>\n<meta property=\"article:published_time\" content=\"2022-02-11T17:25:45+00:00\" \/>\n<meta property=\"og:image\" content=\"https:\/\/peoplesphere.be\/nl\/wp-content\/uploads\/2022\/02\/Actiris-Capture-d\u2019e\u0301cran-2022-02-11-a\u0300-18.15.44.png\" \/>\n\t<meta property=\"og:image:width\" content=\"500\" \/>\n\t<meta property=\"og:image:height\" content=\"224\" \/>\n\t<meta property=\"og:image:type\" content=\"image\/png\" \/>\n<meta name=\"author\" content=\"Jean-Paul Erhard\" \/>\n<meta name=\"twitter:card\" content=\"summary_large_image\" \/>\n<meta name=\"twitter:creator\" content=\"@PeoplesphereMag\" \/>\n<meta name=\"twitter:site\" content=\"@PeoplesphereMag\" \/>\n<meta name=\"twitter:label1\" content=\"Geschreven door\" \/>\n\t<meta name=\"twitter:data1\" content=\"Jean-Paul Erhard\" \/>\n\t<meta name=\"twitter:label2\" content=\"Geschatte leestijd\" \/>\n\t<meta name=\"twitter:data2\" content=\"4 minuten\" \/>\n<script type=\"application\/ld+json\" class=\"yoast-schema-graph\">{\"@context\":\"https:\/\/schema.org\",\"@graph\":[{\"@type\":\"WebPage\",\"@id\":\"https:\/\/peoplesphere.be\/nl\/30-inclusieve-brusselse-ondernemingen-worden-actiris-beloond-officieel-diversiteitslabel\/\",\"url\":\"https:\/\/peoplesphere.be\/nl\/30-inclusieve-brusselse-ondernemingen-worden-actiris-beloond-officieel-diversiteitslabel\/\",\"name\":\"30 inclusieve Brusselse ondernemingen worden door Actiris beloond met officieel diversiteitslabel. - Peoplesphere\",\"isPartOf\":{\"@id\":\"https:\/\/peoplesphere.be\/nl\/#website\"},\"datePublished\":\"2022-02-11T17:25:45+00:00\",\"dateModified\":\"2022-02-11T17:25:45+00:00\",\"author\":{\"@id\":\"https:\/\/peoplesphere.be\/nl\/#\/schema\/person\/0a1c21d8893dd9b9a2cd6e068b4e8cf5\"},\"breadcrumb\":{\"@id\":\"https:\/\/peoplesphere.be\/nl\/30-inclusieve-brusselse-ondernemingen-worden-actiris-beloond-officieel-diversiteitslabel\/#breadcrumb\"},\"inLanguage\":\"nl-NL\",\"potentialAction\":[{\"@type\":\"ReadAction\",\"target\":[\"https:\/\/peoplesphere.be\/nl\/30-inclusieve-brusselse-ondernemingen-worden-actiris-beloond-officieel-diversiteitslabel\/\"]}]},{\"@type\":\"BreadcrumbList\",\"@id\":\"https:\/\/peoplesphere.be\/nl\/30-inclusieve-brusselse-ondernemingen-worden-actiris-beloond-officieel-diversiteitslabel\/#breadcrumb\",\"itemListElement\":[{\"@type\":\"ListItem\",\"position\":1,\"name\":\"Accueil\",\"item\":\"https:\/\/peoplesphere.be\/nl\/\"},{\"@type\":\"ListItem\",\"position\":2,\"name\":\"30 inclusieve Brusselse ondernemingen worden door Actiris beloond met officieel diversiteitslabel.\"}]},{\"@type\":\"WebSite\",\"@id\":\"https:\/\/peoplesphere.be\/nl\/#website\",\"url\":\"https:\/\/peoplesphere.be\/nl\/\",\"name\":\"Peoplesphere\",\"description\":\"The People Managers Magazine\",\"potentialAction\":[{\"@type\":\"SearchAction\",\"target\":{\"@type\":\"EntryPoint\",\"urlTemplate\":\"https:\/\/peoplesphere.be\/nl\/?s={search_term_string}\"},\"query-input\":\"required name=search_term_string\"}],\"inLanguage\":\"nl-NL\"},{\"@type\":\"Person\",\"@id\":\"https:\/\/peoplesphere.be\/nl\/#\/schema\/person\/0a1c21d8893dd9b9a2cd6e068b4e8cf5\",\"name\":\"Jean-Paul Erhard\",\"image\":{\"@type\":\"ImageObject\",\"inLanguage\":\"nl-NL\",\"@id\":\"https:\/\/peoplesphere.be\/nl\/#\/schema\/person\/image\/\",\"url\":\"https:\/\/secure.gravatar.com\/avatar\/f941e681460179738071629a51574930?s=96&d=mm&r=g\",\"contentUrl\":\"https:\/\/secure.gravatar.com\/avatar\/f941e681460179738071629a51574930?s=96&d=mm&r=g\",\"caption\":\"Jean-Paul Erhard\"},\"url\":\"https:\/\/peoplesphere.be\/nl\/author\/jpe\/\"}]}<\/script>\n<!-- \/ Yoast SEO plugin. -->","yoast_head_json":{"title":"30 inclusieve Brusselse ondernemingen worden door Actiris beloond met officieel diversiteitslabel. - Peoplesphere","robots":{"index":"index","follow":"follow","max-snippet":"max-snippet:-1","max-image-preview":"max-image-preview:large","max-video-preview":"max-video-preview:-1"},"canonical":"https:\/\/peoplesphere.be\/nl\/30-inclusieve-brusselse-ondernemingen-worden-actiris-beloond-officieel-diversiteitslabel\/","og_locale":"nl_NL","og_type":"article","og_title":"30 inclusieve Brusselse ondernemingen worden door Actiris beloond met officieel diversiteitslabel. - Peoplesphere","og_description":"Op vrijdag 11 februari reikt Actiris voor de 13e keer de Diversiteitslabels uit. Die labels zijn de beloning voor ondernemingen die een diversiteitsplan uitwerken en invoeren en vervolgens een positieve evaluatie krijgen van Actiris. In zo&#8217;n plan staan concrete acties [&hellip;]","og_url":"https:\/\/peoplesphere.be\/nl\/30-inclusieve-brusselse-ondernemingen-worden-actiris-beloond-officieel-diversiteitslabel\/","og_site_name":"Peoplesphere","article_publisher":"https:\/\/www.facebook.com\/peoplesphere","article_published_time":"2022-02-11T17:25:45+00:00","og_image":[{"width":500,"height":224,"url":"https:\/\/peoplesphere.be\/nl\/wp-content\/uploads\/2022\/02\/Actiris-Capture-d\u2019e\u0301cran-2022-02-11-a\u0300-18.15.44.png","type":"image\/png"}],"author":"Jean-Paul Erhard","twitter_card":"summary_large_image","twitter_creator":"@PeoplesphereMag","twitter_site":"@PeoplesphereMag","twitter_misc":{"Geschreven door":"Jean-Paul Erhard","Geschatte leestijd":"4 minuten"},"schema":{"@context":"https:\/\/schema.org","@graph":[{"@type":"WebPage","@id":"https:\/\/peoplesphere.be\/nl\/30-inclusieve-brusselse-ondernemingen-worden-actiris-beloond-officieel-diversiteitslabel\/","url":"https:\/\/peoplesphere.be\/nl\/30-inclusieve-brusselse-ondernemingen-worden-actiris-beloond-officieel-diversiteitslabel\/","name":"30 inclusieve Brusselse ondernemingen worden door Actiris beloond met officieel diversiteitslabel. - Peoplesphere","isPartOf":{"@id":"https:\/\/peoplesphere.be\/nl\/#website"},"datePublished":"2022-02-11T17:25:45+00:00","dateModified":"2022-02-11T17:25:45+00:00","author":{"@id":"https:\/\/peoplesphere.be\/nl\/#\/schema\/person\/0a1c21d8893dd9b9a2cd6e068b4e8cf5"},"breadcrumb":{"@id":"https:\/\/peoplesphere.be\/nl\/30-inclusieve-brusselse-ondernemingen-worden-actiris-beloond-officieel-diversiteitslabel\/#breadcrumb"},"inLanguage":"nl-NL","potentialAction":[{"@type":"ReadAction","target":["https:\/\/peoplesphere.be\/nl\/30-inclusieve-brusselse-ondernemingen-worden-actiris-beloond-officieel-diversiteitslabel\/"]}]},{"@type":"BreadcrumbList","@id":"https:\/\/peoplesphere.be\/nl\/30-inclusieve-brusselse-ondernemingen-worden-actiris-beloond-officieel-diversiteitslabel\/#breadcrumb","itemListElement":[{"@type":"ListItem","position":1,"name":"Accueil","item":"https:\/\/peoplesphere.be\/nl\/"},{"@type":"ListItem","position":2,"name":"30 inclusieve Brusselse ondernemingen worden door Actiris beloond met officieel diversiteitslabel."}]},{"@type":"WebSite","@id":"https:\/\/peoplesphere.be\/nl\/#website","url":"https:\/\/peoplesphere.be\/nl\/","name":"Peoplesphere","description":"The People Managers Magazine","potentialAction":[{"@type":"SearchAction","target":{"@type":"EntryPoint","urlTemplate":"https:\/\/peoplesphere.be\/nl\/?s={search_term_string}"},"query-input":"required name=search_term_string"}],"inLanguage":"nl-NL"},{"@type":"Person","@id":"https:\/\/peoplesphere.be\/nl\/#\/schema\/person\/0a1c21d8893dd9b9a2cd6e068b4e8cf5","name":"Jean-Paul Erhard","image":{"@type":"ImageObject","inLanguage":"nl-NL","@id":"https:\/\/peoplesphere.be\/nl\/#\/schema\/person\/image\/","url":"https:\/\/secure.gravatar.com\/avatar\/f941e681460179738071629a51574930?s=96&d=mm&r=g","contentUrl":"https:\/\/secure.gravatar.com\/avatar\/f941e681460179738071629a51574930?s=96&d=mm&r=g","caption":"Jean-Paul Erhard"},"url":"https:\/\/peoplesphere.be\/nl\/author\/jpe\/"}]}},"_links":{"self":[{"href":"https:\/\/peoplesphere.be\/nl\/wp-json\/wp\/v2\/posts\/8683"}],"collection":[{"href":"https:\/\/peoplesphere.be\/nl\/wp-json\/wp\/v2\/posts"}],"about":[{"href":"https:\/\/peoplesphere.be\/nl\/wp-json\/wp\/v2\/types\/post"}],"author":[{"embeddable":true,"href":"https:\/\/peoplesphere.be\/nl\/wp-json\/wp\/v2\/users\/3"}],"replies":[{"embeddable":true,"href":"https:\/\/peoplesphere.be\/nl\/wp-json\/wp\/v2\/comments?post=8683"}],"version-history":[{"count":2,"href":"https:\/\/peoplesphere.be\/nl\/wp-json\/wp\/v2\/posts\/8683\/revisions"}],"predecessor-version":[{"id":8686,"href":"https:\/\/peoplesphere.be\/nl\/wp-json\/wp\/v2\/posts\/8683\/revisions\/8686"}],"wp:featuredmedia":[{"embeddable":true,"href":"https:\/\/peoplesphere.be\/nl\/wp-json\/wp\/v2\/media\/8685"}],"wp:attachment":[{"href":"https:\/\/peoplesphere.be\/nl\/wp-json\/wp\/v2\/media?parent=8683"}],"wp:term":[{"taxonomy":"category","embeddable":true,"href":"https:\/\/peoplesphere.be\/nl\/wp-json\/wp\/v2\/categories?post=8683"},{"taxonomy":"post_tag","embeddable":true,"href":"https:\/\/peoplesphere.be\/nl\/wp-json\/wp\/v2\/tags?post=8683"}],"curies":[{"name":"wp","href":"https:\/\/api.w.org\/{rel}","templated":true}]}}