











{"id":8706,"date":"2022-02-17T08:26:14","date_gmt":"2022-02-17T07:26:14","guid":{"rendered":"https:\/\/peoplesphere.be\/nl\/?p=8706"},"modified":"2022-02-17T08:26:14","modified_gmt":"2022-02-17T07:26:14","slug":"minder-dan-1-werknemer-op-10-zoekt-actief-werkgever-1-op-3-wil-interne-jobmobiliteit","status":"publish","type":"post","link":"https:\/\/peoplesphere.be\/nl\/minder-dan-1-werknemer-op-10-zoekt-actief-werkgever-1-op-3-wil-interne-jobmobiliteit\/","title":{"rendered":"Minder dan 1 werknemer op 10 zoekt actief andere werkgever, 1 op 3 wil interne jobmobiliteit."},"content":{"rendered":"<p>Minder dan 1 werknemer op 10 (8,5%) geeft aan momenteel actief op zoek te zijn naar een andere werkgever. Dit betekent nog niet dat ze effectief van werkgever gaan veranderen. Ongeveer \u00e9\u00e9n op drie Belgen zegt ook bij de huidige werkgever uit te kijken naar een andere job. De schaarste op de arbeidsmarkt kan werknemers aanzetten om buiten de bedrijfsmuren te kijken. Uit onderzoek door de Europese HR- en payrollspecialist SD Worx blijkt dat een kwart van de ondervraagde medewerkers openstaat voor een job bij een andere werkgever. Nederlanders en Belgen lijken het minst op zoek naar een andere werkgever. Bedrijven die hun medewerkers graag aan boord willen houden, doen best een inspanning op het vlak van loonbeleid en werksfeer. Die factoren wegen immers het meest door bij het zoeken naar een nieuwe werkgever.<!--more--><\/p>\n<p>In \u2018A Worker\u2019s Journey\u2019 onderzocht SD Worx de werksituatie bij zo\u2019n 5.000 werknemers in de Europese landen Belgi\u00eb, Duitsland, Frankrijk, Nederland en het Verenigd Koninkrijk. De onzekerheid die met de coronacrisis gepaard gaat, houdt werknemers niet tegen om uit te kijken naar opportuniteiten bij andere bedrijven, maar ook binnen het eigen bedrijf.<\/p>\n<p><strong><em>Ook interne jobmobiliteit gewenst<\/em><\/strong><\/p>\n<p>Meer dan \u00e9\u00e9n op drie kijkt ook intern naar een andere job. Ongeveer \u00e9\u00e9n op tien Belgen (10,9%) zegt actief binnen het eigen bedrijf uit te kijken; 21,8% doet dat passief.<br \/>\nOnze actieve zoektocht naar interne jobmobiliteit ligt een stuk lager dan het gemiddelde. In Duitsland en Frankrijk liggen deze cijfers het hoogst met respectievelijk 16,8% en 16,1%.<\/p>\n<p><strong><em>1 op 4 kijkt uit naar een andere werkgever<\/em><\/strong><\/p>\n<p>Dat wil niet zeggen dat zij ook allemaal actief op zoek zijn naar een andere werkgever. Ongeveer een kwart van de Belgen speurt naar vacatures. In Belgi\u00eb doet 17 procent dat passief door sporadisch de arbeidsmarkt af te tasten zonder echt een stap verder te gaan. Slechts 8,5% van de werkende Belgen is echt actief op zoek. Belgi\u00eb kent zo de laagste verloopintentie; Nederland zit ongeveer op hetzelfde niveau, maar het aandeel van passief ge\u00efnteresseerden is daar lager (13,2% tov 17% van de Belgen).<br \/>\nFranse en Duitse werknemers kijken (actief of passief) het meest uit naar een andere job, met 29%. In Belgi\u00eb gaat het om 26%, in het Verenigd Koninkrijk om 25%. Nederland klokt af op 22% van de werknemers.<br \/>\nHet zijn vooral jongeren die de arbeidsmarkt doelgericht afspeuren: in Belgi\u00eb solliciteert momenteel 24% van de 18- tot 24-jarigen en 16% van de 25- tot 34-jarigen. Vanaf 35 jaar zakt dit percentage steeds meer onder het gemiddelde van 10% en lager.<\/p>\n<p><strong><em>Loonpakket blijft prioriteit nummer 1<\/em><\/strong><\/p>\n<p>Bedrijven kunnen tegenwoordig maar beter waakzaam zijn en extra aandacht besteden aan hun werknemers. SD Worx polste naar de voornaamste redenen waarom werknemers een overstap zouden overwegen. Een op vijf Belgen (18,3%) vindt het salaris en extralegale voordelen de belangrijkste factoren om van werkgever te veranderen.<\/p>\n<p>Ook geven werknemers aan dat de werksfeer bepalend kan zijn: 17,2% van de Belgen noemt dit de voornaamste reden om van werk te veranderen. Verder zijn jobinhoud (13,5%), werkzekerheid (8,8%), afwezigheid van flexibele werkregelingen (6,2%) en groeikansen (6,1%) redenen die werknemers het vaakst als doorslaggevend argument naar voren schuiven om van werkgever te veranderen.<\/p>\n<p>\u201cDe schaarste op de arbeidsmarkt laat zich duidelijk voelen\u201d, zegt Cathy Geerts, CHRO bij SD Worx. \u201cBedrijven hebben moeite om de juiste profielen te vinden, de economie draait volop en dus zijn er veel vacatures. Werknemers zijn zich bewust van de opportuniteiten die er liggen, dus kunnen werkgevers maar beter extra tijd en energie investeren in employer branding \u00e9n in personeelsbehoud. De basis in orde hebben, een vlotte payroll en motiverend loonbeleid hanteren, een aangename werksfeer cre\u00ebren en de juiste match tussen persoon en jobinhoud aanbieden zijn de aspecten die overduidelijk het meest doorwegen.\u201d<\/p>\n<p><strong><em>Arbeidskansen en jobmobiliteit: Belgen hebben minder vertrouwen in overstap dan Nederlanders<\/em><\/strong><\/p>\n<p>Hoewel ongeveer een kwart van de werknemers op zijn minst met \u00e9\u00e9n oog in de gaten houdt welke opportuniteiten er zich op werkvlak voordoen, vindt maar \u00e9\u00e9n op drie daarvan het betrekkelijk evident om de stap ook effectief te zetten. Hier schommelen de verschillen tussen de landen enorm. De arbeidsmarkt in Nederland lijkt de makkelijkste om van werkgever te veranderen. Vooral Nederlanders denken dat het gemakkelijk is of dat het klimaat gunstig is om ander werk te vinden. Bijna de helft (49%) denkt er dat een overstap eenvoudig te maken is. In Duitsland gaat het om 35%. In Belgi\u00eb (29%), het Verenigd Koninkrijk (27%) en Frankrijk (21%) ligt het vertrouwen om ander werk te vinden lager dan het gemiddelde.<\/p>\n<p>&nbsp;<\/p>\n<p><em>Bron: om een beter zicht te krijgen op de volledige employee journey en werkervaring op Europees niveau, liet HR- en payrollspecialist SD Worx een enqu\u00eate uitvoeren: \u2018A Worker\u2019s Journey\u2019. De enqu\u00eate omvatte informatie die werd verstrekt door vaste werknemers, zelfstandigen, gedetacheerd personeel en uitzendkrachten. De enqu\u00eate bevroeg 5.000 werknevers uit vijf landen en bestreek het hele aanwervingsproces zoals de werknemers dat zien. Dit omvatte het aantrekken van nieuwe werknemers, aanwerving, onboarding, uitvoering van het werk, loopbaanontwikkeling en -vooruitgang, beloning en offboarding. De enqu\u00eate dateert van april 2021 en werd in de volgende landen gehouden: Belgi\u00eb, Duitsland, Frankrijk, Nederland en het Verenigd Koninkrijk. De enqu\u00eate omvatte bedrijven van alle groottes, in verschillende sectoren.<\/em><\/p>\n","protected":false},"excerpt":{"rendered":"<p>Minder dan 1 werknemer op 10 (8,5%) geeft aan momenteel actief op zoek te zijn naar een andere werkgever. Dit betekent nog niet dat ze effectief van werkgever gaan veranderen. Ongeveer \u00e9\u00e9n op drie Belgen zegt ook bij de huidige [&hellip;]<\/p>\n","protected":false},"author":3,"featured_media":0,"comment_status":"open","ping_status":"open","sticky":false,"template":"","format":"standard","meta":[],"categories":[3,4],"tags":[1190,3118,1888,40,31,1144],"yoast_head":"<!-- This site is optimized with the Yoast SEO plugin v20.12 - https:\/\/yoast.com\/wordpress\/plugins\/seo\/ -->\n<title>Minder dan 1 werknemer op 10 zoekt actief andere werkgever, 1 op 3 wil interne jobmobiliteit. - Peoplesphere<\/title>\n<meta name=\"robots\" content=\"index, follow, max-snippet:-1, max-image-preview:large, max-video-preview:-1\" \/>\n<link rel=\"canonical\" href=\"https:\/\/peoplesphere.be\/nl\/minder-dan-1-werknemer-op-10-zoekt-actief-werkgever-1-op-3-wil-interne-jobmobiliteit\/\" \/>\n<meta property=\"og:locale\" content=\"nl_NL\" \/>\n<meta property=\"og:type\" content=\"article\" \/>\n<meta property=\"og:title\" content=\"Minder dan 1 werknemer op 10 zoekt actief andere werkgever, 1 op 3 wil interne jobmobiliteit. - Peoplesphere\" \/>\n<meta property=\"og:description\" content=\"Minder dan 1 werknemer op 10 (8,5%) geeft aan momenteel actief op zoek te zijn naar een andere werkgever. Dit betekent nog niet dat ze effectief van werkgever gaan veranderen. Ongeveer \u00e9\u00e9n op drie Belgen zegt ook bij de huidige [&hellip;]\" \/>\n<meta property=\"og:url\" content=\"https:\/\/peoplesphere.be\/nl\/minder-dan-1-werknemer-op-10-zoekt-actief-werkgever-1-op-3-wil-interne-jobmobiliteit\/\" \/>\n<meta property=\"og:site_name\" content=\"Peoplesphere\" \/>\n<meta property=\"article:publisher\" content=\"https:\/\/www.facebook.com\/peoplesphere\" \/>\n<meta property=\"article:published_time\" content=\"2022-02-17T07:26:14+00:00\" \/>\n<meta property=\"og:image\" content=\"http:\/\/www.peoplesphere.be\/nl\/wp-content\/uploads\/2016\/07\/facebook-default-posting-1200x628px.jpg\" \/>\n<meta name=\"author\" content=\"Jean-Paul Erhard\" \/>\n<meta name=\"twitter:card\" content=\"summary_large_image\" \/>\n<meta name=\"twitter:creator\" content=\"@PeoplesphereMag\" \/>\n<meta name=\"twitter:site\" content=\"@PeoplesphereMag\" \/>\n<meta name=\"twitter:label1\" content=\"Geschreven door\" \/>\n\t<meta name=\"twitter:data1\" content=\"Jean-Paul Erhard\" \/>\n\t<meta name=\"twitter:label2\" content=\"Geschatte leestijd\" \/>\n\t<meta name=\"twitter:data2\" content=\"4 minuten\" \/>\n<script type=\"application\/ld+json\" class=\"yoast-schema-graph\">{\"@context\":\"https:\/\/schema.org\",\"@graph\":[{\"@type\":\"WebPage\",\"@id\":\"https:\/\/peoplesphere.be\/nl\/minder-dan-1-werknemer-op-10-zoekt-actief-werkgever-1-op-3-wil-interne-jobmobiliteit\/\",\"url\":\"https:\/\/peoplesphere.be\/nl\/minder-dan-1-werknemer-op-10-zoekt-actief-werkgever-1-op-3-wil-interne-jobmobiliteit\/\",\"name\":\"Minder dan 1 werknemer op 10 zoekt actief andere werkgever, 1 op 3 wil interne jobmobiliteit. - Peoplesphere\",\"isPartOf\":{\"@id\":\"https:\/\/peoplesphere.be\/nl\/#website\"},\"datePublished\":\"2022-02-17T07:26:14+00:00\",\"dateModified\":\"2022-02-17T07:26:14+00:00\",\"author\":{\"@id\":\"https:\/\/peoplesphere.be\/nl\/#\/schema\/person\/0a1c21d8893dd9b9a2cd6e068b4e8cf5\"},\"breadcrumb\":{\"@id\":\"https:\/\/peoplesphere.be\/nl\/minder-dan-1-werknemer-op-10-zoekt-actief-werkgever-1-op-3-wil-interne-jobmobiliteit\/#breadcrumb\"},\"inLanguage\":\"nl-NL\",\"potentialAction\":[{\"@type\":\"ReadAction\",\"target\":[\"https:\/\/peoplesphere.be\/nl\/minder-dan-1-werknemer-op-10-zoekt-actief-werkgever-1-op-3-wil-interne-jobmobiliteit\/\"]}]},{\"@type\":\"BreadcrumbList\",\"@id\":\"https:\/\/peoplesphere.be\/nl\/minder-dan-1-werknemer-op-10-zoekt-actief-werkgever-1-op-3-wil-interne-jobmobiliteit\/#breadcrumb\",\"itemListElement\":[{\"@type\":\"ListItem\",\"position\":1,\"name\":\"Accueil\",\"item\":\"https:\/\/peoplesphere.be\/nl\/\"},{\"@type\":\"ListItem\",\"position\":2,\"name\":\"Minder dan 1 werknemer op 10 zoekt actief andere werkgever, 1 op 3 wil interne jobmobiliteit.\"}]},{\"@type\":\"WebSite\",\"@id\":\"https:\/\/peoplesphere.be\/nl\/#website\",\"url\":\"https:\/\/peoplesphere.be\/nl\/\",\"name\":\"Peoplesphere\",\"description\":\"The People Managers Magazine\",\"potentialAction\":[{\"@type\":\"SearchAction\",\"target\":{\"@type\":\"EntryPoint\",\"urlTemplate\":\"https:\/\/peoplesphere.be\/nl\/?s={search_term_string}\"},\"query-input\":\"required name=search_term_string\"}],\"inLanguage\":\"nl-NL\"},{\"@type\":\"Person\",\"@id\":\"https:\/\/peoplesphere.be\/nl\/#\/schema\/person\/0a1c21d8893dd9b9a2cd6e068b4e8cf5\",\"name\":\"Jean-Paul Erhard\",\"image\":{\"@type\":\"ImageObject\",\"inLanguage\":\"nl-NL\",\"@id\":\"https:\/\/peoplesphere.be\/nl\/#\/schema\/person\/image\/\",\"url\":\"https:\/\/secure.gravatar.com\/avatar\/f941e681460179738071629a51574930?s=96&d=mm&r=g\",\"contentUrl\":\"https:\/\/secure.gravatar.com\/avatar\/f941e681460179738071629a51574930?s=96&d=mm&r=g\",\"caption\":\"Jean-Paul Erhard\"},\"url\":\"https:\/\/peoplesphere.be\/nl\/author\/jpe\/\"}]}<\/script>\n<!-- \/ Yoast SEO plugin. -->","yoast_head_json":{"title":"Minder dan 1 werknemer op 10 zoekt actief andere werkgever, 1 op 3 wil interne jobmobiliteit. - Peoplesphere","robots":{"index":"index","follow":"follow","max-snippet":"max-snippet:-1","max-image-preview":"max-image-preview:large","max-video-preview":"max-video-preview:-1"},"canonical":"https:\/\/peoplesphere.be\/nl\/minder-dan-1-werknemer-op-10-zoekt-actief-werkgever-1-op-3-wil-interne-jobmobiliteit\/","og_locale":"nl_NL","og_type":"article","og_title":"Minder dan 1 werknemer op 10 zoekt actief andere werkgever, 1 op 3 wil interne jobmobiliteit. - Peoplesphere","og_description":"Minder dan 1 werknemer op 10 (8,5%) geeft aan momenteel actief op zoek te zijn naar een andere werkgever. Dit betekent nog niet dat ze effectief van werkgever gaan veranderen. Ongeveer \u00e9\u00e9n op drie Belgen zegt ook bij de huidige [&hellip;]","og_url":"https:\/\/peoplesphere.be\/nl\/minder-dan-1-werknemer-op-10-zoekt-actief-werkgever-1-op-3-wil-interne-jobmobiliteit\/","og_site_name":"Peoplesphere","article_publisher":"https:\/\/www.facebook.com\/peoplesphere","article_published_time":"2022-02-17T07:26:14+00:00","og_image":[{"url":"http:\/\/www.peoplesphere.be\/nl\/wp-content\/uploads\/2016\/07\/facebook-default-posting-1200x628px.jpg"}],"author":"Jean-Paul Erhard","twitter_card":"summary_large_image","twitter_creator":"@PeoplesphereMag","twitter_site":"@PeoplesphereMag","twitter_misc":{"Geschreven door":"Jean-Paul Erhard","Geschatte leestijd":"4 minuten"},"schema":{"@context":"https:\/\/schema.org","@graph":[{"@type":"WebPage","@id":"https:\/\/peoplesphere.be\/nl\/minder-dan-1-werknemer-op-10-zoekt-actief-werkgever-1-op-3-wil-interne-jobmobiliteit\/","url":"https:\/\/peoplesphere.be\/nl\/minder-dan-1-werknemer-op-10-zoekt-actief-werkgever-1-op-3-wil-interne-jobmobiliteit\/","name":"Minder dan 1 werknemer op 10 zoekt actief andere werkgever, 1 op 3 wil interne jobmobiliteit. - Peoplesphere","isPartOf":{"@id":"https:\/\/peoplesphere.be\/nl\/#website"},"datePublished":"2022-02-17T07:26:14+00:00","dateModified":"2022-02-17T07:26:14+00:00","author":{"@id":"https:\/\/peoplesphere.be\/nl\/#\/schema\/person\/0a1c21d8893dd9b9a2cd6e068b4e8cf5"},"breadcrumb":{"@id":"https:\/\/peoplesphere.be\/nl\/minder-dan-1-werknemer-op-10-zoekt-actief-werkgever-1-op-3-wil-interne-jobmobiliteit\/#breadcrumb"},"inLanguage":"nl-NL","potentialAction":[{"@type":"ReadAction","target":["https:\/\/peoplesphere.be\/nl\/minder-dan-1-werknemer-op-10-zoekt-actief-werkgever-1-op-3-wil-interne-jobmobiliteit\/"]}]},{"@type":"BreadcrumbList","@id":"https:\/\/peoplesphere.be\/nl\/minder-dan-1-werknemer-op-10-zoekt-actief-werkgever-1-op-3-wil-interne-jobmobiliteit\/#breadcrumb","itemListElement":[{"@type":"ListItem","position":1,"name":"Accueil","item":"https:\/\/peoplesphere.be\/nl\/"},{"@type":"ListItem","position":2,"name":"Minder dan 1 werknemer op 10 zoekt actief andere werkgever, 1 op 3 wil interne jobmobiliteit."}]},{"@type":"WebSite","@id":"https:\/\/peoplesphere.be\/nl\/#website","url":"https:\/\/peoplesphere.be\/nl\/","name":"Peoplesphere","description":"The People Managers Magazine","potentialAction":[{"@type":"SearchAction","target":{"@type":"EntryPoint","urlTemplate":"https:\/\/peoplesphere.be\/nl\/?s={search_term_string}"},"query-input":"required name=search_term_string"}],"inLanguage":"nl-NL"},{"@type":"Person","@id":"https:\/\/peoplesphere.be\/nl\/#\/schema\/person\/0a1c21d8893dd9b9a2cd6e068b4e8cf5","name":"Jean-Paul Erhard","image":{"@type":"ImageObject","inLanguage":"nl-NL","@id":"https:\/\/peoplesphere.be\/nl\/#\/schema\/person\/image\/","url":"https:\/\/secure.gravatar.com\/avatar\/f941e681460179738071629a51574930?s=96&d=mm&r=g","contentUrl":"https:\/\/secure.gravatar.com\/avatar\/f941e681460179738071629a51574930?s=96&d=mm&r=g","caption":"Jean-Paul Erhard"},"url":"https:\/\/peoplesphere.be\/nl\/author\/jpe\/"}]}},"_links":{"self":[{"href":"https:\/\/peoplesphere.be\/nl\/wp-json\/wp\/v2\/posts\/8706"}],"collection":[{"href":"https:\/\/peoplesphere.be\/nl\/wp-json\/wp\/v2\/posts"}],"about":[{"href":"https:\/\/peoplesphere.be\/nl\/wp-json\/wp\/v2\/types\/post"}],"author":[{"embeddable":true,"href":"https:\/\/peoplesphere.be\/nl\/wp-json\/wp\/v2\/users\/3"}],"replies":[{"embeddable":true,"href":"https:\/\/peoplesphere.be\/nl\/wp-json\/wp\/v2\/comments?post=8706"}],"version-history":[{"count":1,"href":"https:\/\/peoplesphere.be\/nl\/wp-json\/wp\/v2\/posts\/8706\/revisions"}],"predecessor-version":[{"id":8707,"href":"https:\/\/peoplesphere.be\/nl\/wp-json\/wp\/v2\/posts\/8706\/revisions\/8707"}],"wp:attachment":[{"href":"https:\/\/peoplesphere.be\/nl\/wp-json\/wp\/v2\/media?parent=8706"}],"wp:term":[{"taxonomy":"category","embeddable":true,"href":"https:\/\/peoplesphere.be\/nl\/wp-json\/wp\/v2\/categories?post=8706"},{"taxonomy":"post_tag","embeddable":true,"href":"https:\/\/peoplesphere.be\/nl\/wp-json\/wp\/v2\/tags?post=8706"}],"curies":[{"name":"wp","href":"https:\/\/api.w.org\/{rel}","templated":true}]}}