











{"id":8817,"date":"2022-03-20T11:27:49","date_gmt":"2022-03-20T10:27:49","guid":{"rendered":"https:\/\/peoplesphere.be\/nl\/?p=8817"},"modified":"2022-03-20T11:27:49","modified_gmt":"2022-03-20T10:27:49","slug":"tewerkstelling-belgische-bedrijven-eerst-hoger-dan-corona","status":"publish","type":"post","link":"https:\/\/peoplesphere.be\/nl\/tewerkstelling-belgische-bedrijven-eerst-hoger-dan-corona\/","title":{"rendered":"Tewerkstelling in Belgische bedrijven voor het eerst hoger dan v\u00f3\u00f3r corona."},"content":{"rendered":"<p>De tewerkstelling in Belgi\u00eb piekt voor het eerst boven het niveau van v\u00f3\u00f3r corona. Eind 2021 waren er 1,3% meer werknemers met een contract van bepaalde of onbepaalde duur in vergelijking met 2019. Vooral de horeca heeft een sterke remonte ingezet het afgelopen jaar. In de hotels, restaurants en caf\u00e9s kwamen er bijna 60% meer werknemers bij in vergelijking met 2020. <!--more--><\/p>\n<p>De coronacrisis bracht de arbeidsmarkt een klap toe. In 2020 daalde de tewerkstelling met 2,1% in de Belgische bedrijven. Zonder het systeem van tijdelijke werkloosheid, was die krimp vermoedelijk nog een stuk groter geweest. Maar nu is er opnieuw goed nieuws: de tewerkstelling is in 2021 gegroeid met 3,5% en staat zo voor het eerst op een hoger niveau dan voor corona (+1,3%). Het gaat om arbeidsplaatsen met een contract van bepaalde of onbepaalde duur.<\/p>\n<p>Nele Mertens, juridisch adviseur bij Acerta: <em>\u201cDe terugval op vlak van tewerkstelling in 2020 was duidelijk, maar bleef al bij al nog beperkt dankzij de steunmaatregelen van de regering. De groei die al in de eerste maanden van 2021 begon, heeft zich ook doorgezet in de rest van het afgelopen jaar. Daardoor komen de tewerkstellingscijfers in ons land voor het eerst uit boven die van 2019.\u201d<\/em><\/p>\n<p><strong><em>Horeca kent sterkste remonte afgelopen jaar<\/em><\/strong><\/p>\n<p>De horeca maakte de opmerkelijkste comeback het afgelopen jaar. De tewerkstelling steeg er in 2021 met maar liefst 57,7%. Daarmee zit de horeca bijna opnieuw op het niveau van voor corona (-3,4%).<\/p>\n<p>Als we de tewerkstelling in andere sectoren vergelijken met pre-corona, kunnen de sectoren logistiek &amp; transport (+8,3%), groot- en kleinhandel (+6,1%), chemie, farma en energie (+5,6%) de mooiste cijfers voorleggen. In alle drie de sectoren zijn nu meer mensen tewerkgesteld in vergelijking met 2019.<\/p>\n<p>Achterblijver is de metaal- en maakindustrie, die blijft hangen op -5,6% van de tewerkstelling in 2019.<\/p>\n<p>De kleinste Belgische bedrijven, met minder dan 5 werknemers, kenden in 2020 de grootste terugval in tewerkstelling en nu, in 2021, kennen ze het grootste herstel. Dat maakt dat ze qua tewerkstelling zelfs iets boven 2019 uitkomen. Na de kleinste waren het vooral de grootste Belgische werkgevers die de impact van corona op de tewerkstelling voelden. Zij hebben dat in 2021 nog niet kunnen herstellen en blijven 4% onder de tewerkstelling pre-corona.<\/p>\n<p><em><strong>Einde van de steunmaatregelen, begin van het hr-tijdperk post-corona<\/strong><\/em><\/p>\n<p>Gedurende de hele coronaperiode hielp de Belgische overheid bedrijven om het hoofd boven water te houden. In code geel durven we spreken van het einde van corona en kunnen ook de bijzondere steunmaatregelen terug de kast in.<\/p>\n<p>Nele Mertens: <em>\u201cBelgische bedrijven die daar nood aan hebben zullen nog altijd een beroep kunnen doen op tijdelijke werkloosheid. Al verwachten we niet dat er nog heel veel bedrijven beroep op zullen doen, gezien de duidelijke tewerkstellingsgroei in het afgelopen jaar. Business zoals v\u00f3\u00f3r corona wordt het evenwel niet. Hybride werken kennen we al, nu komt ook de definitieve goedkeuring van de Arbeidsdeal eraan. Telkens gaat het over meer ruimte voor werkgevers en werknemers om afspraken te maken en het werk beter en flexibeler te organiseren (zoals versoepeling nachtarbeid en e-commerce). Post-corona is dan ook het uitgelezen moment voor ondernemingen om hun hr-beleid onder de loep te nemen.\u201d<\/em><\/p>\n<p>&nbsp;<\/p>\n<p><em>Bron: deze analyse is gebaseerd op de effectieve gegevens van meer dan 30.000 werkgevers uit de private sector, waartoe zowel kmo\u2019s als grote ondernemingen behoren. De analyse brengt de (evolutie van de) tewerkstelling in kaart op basis van metingen op 31 december 2019, 2020 en 2021 en heeft betrekking op contracten van bepaalde en onbepaalde duur.<\/em><\/p>\n","protected":false},"excerpt":{"rendered":"<p>De tewerkstelling in Belgi\u00eb piekt voor het eerst boven het niveau van v\u00f3\u00f3r corona. Eind 2021 waren er 1,3% meer werknemers met een contract van bepaalde of onbepaalde duur in vergelijking met 2019. Vooral de horeca heeft een sterke remonte [&hellip;]<\/p>\n","protected":false},"author":3,"featured_media":0,"comment_status":"open","ping_status":"open","sticky":false,"template":"","format":"standard","meta":[],"categories":[3,4],"tags":[509,2065,40,20],"yoast_head":"<!-- This site is optimized with the Yoast SEO plugin v20.12 - https:\/\/yoast.com\/wordpress\/plugins\/seo\/ -->\n<title>Tewerkstelling in Belgische bedrijven voor het eerst hoger dan v\u00f3\u00f3r corona. - Peoplesphere<\/title>\n<meta name=\"robots\" content=\"index, follow, max-snippet:-1, max-image-preview:large, max-video-preview:-1\" \/>\n<link rel=\"canonical\" href=\"https:\/\/peoplesphere.be\/nl\/tewerkstelling-belgische-bedrijven-eerst-hoger-dan-corona\/\" \/>\n<meta property=\"og:locale\" content=\"nl_NL\" \/>\n<meta property=\"og:type\" content=\"article\" \/>\n<meta property=\"og:title\" content=\"Tewerkstelling in Belgische bedrijven voor het eerst hoger dan v\u00f3\u00f3r corona. - Peoplesphere\" \/>\n<meta property=\"og:description\" content=\"De tewerkstelling in Belgi\u00eb piekt voor het eerst boven het niveau van v\u00f3\u00f3r corona. Eind 2021 waren er 1,3% meer werknemers met een contract van bepaalde of onbepaalde duur in vergelijking met 2019. Vooral de horeca heeft een sterke remonte [&hellip;]\" \/>\n<meta property=\"og:url\" content=\"https:\/\/peoplesphere.be\/nl\/tewerkstelling-belgische-bedrijven-eerst-hoger-dan-corona\/\" \/>\n<meta property=\"og:site_name\" content=\"Peoplesphere\" \/>\n<meta property=\"article:publisher\" content=\"https:\/\/www.facebook.com\/peoplesphere\" \/>\n<meta property=\"article:published_time\" content=\"2022-03-20T10:27:49+00:00\" \/>\n<meta property=\"og:image\" content=\"http:\/\/www.peoplesphere.be\/nl\/wp-content\/uploads\/2016\/07\/facebook-default-posting-1200x628px.jpg\" \/>\n<meta name=\"author\" content=\"Jean-Paul Erhard\" \/>\n<meta name=\"twitter:card\" content=\"summary_large_image\" \/>\n<meta name=\"twitter:creator\" content=\"@PeoplesphereMag\" \/>\n<meta name=\"twitter:site\" content=\"@PeoplesphereMag\" \/>\n<meta name=\"twitter:label1\" content=\"Geschreven door\" \/>\n\t<meta name=\"twitter:data1\" content=\"Jean-Paul Erhard\" \/>\n\t<meta name=\"twitter:label2\" content=\"Geschatte leestijd\" \/>\n\t<meta name=\"twitter:data2\" content=\"3 minuten\" \/>\n<script type=\"application\/ld+json\" class=\"yoast-schema-graph\">{\"@context\":\"https:\/\/schema.org\",\"@graph\":[{\"@type\":\"WebPage\",\"@id\":\"https:\/\/peoplesphere.be\/nl\/tewerkstelling-belgische-bedrijven-eerst-hoger-dan-corona\/\",\"url\":\"https:\/\/peoplesphere.be\/nl\/tewerkstelling-belgische-bedrijven-eerst-hoger-dan-corona\/\",\"name\":\"Tewerkstelling in Belgische bedrijven voor het eerst hoger dan v\u00f3\u00f3r corona. - Peoplesphere\",\"isPartOf\":{\"@id\":\"https:\/\/peoplesphere.be\/nl\/#website\"},\"datePublished\":\"2022-03-20T10:27:49+00:00\",\"dateModified\":\"2022-03-20T10:27:49+00:00\",\"author\":{\"@id\":\"https:\/\/peoplesphere.be\/nl\/#\/schema\/person\/0a1c21d8893dd9b9a2cd6e068b4e8cf5\"},\"breadcrumb\":{\"@id\":\"https:\/\/peoplesphere.be\/nl\/tewerkstelling-belgische-bedrijven-eerst-hoger-dan-corona\/#breadcrumb\"},\"inLanguage\":\"nl-NL\",\"potentialAction\":[{\"@type\":\"ReadAction\",\"target\":[\"https:\/\/peoplesphere.be\/nl\/tewerkstelling-belgische-bedrijven-eerst-hoger-dan-corona\/\"]}]},{\"@type\":\"BreadcrumbList\",\"@id\":\"https:\/\/peoplesphere.be\/nl\/tewerkstelling-belgische-bedrijven-eerst-hoger-dan-corona\/#breadcrumb\",\"itemListElement\":[{\"@type\":\"ListItem\",\"position\":1,\"name\":\"Accueil\",\"item\":\"https:\/\/peoplesphere.be\/nl\/\"},{\"@type\":\"ListItem\",\"position\":2,\"name\":\"Tewerkstelling in Belgische bedrijven voor het eerst hoger dan v\u00f3\u00f3r corona.\"}]},{\"@type\":\"WebSite\",\"@id\":\"https:\/\/peoplesphere.be\/nl\/#website\",\"url\":\"https:\/\/peoplesphere.be\/nl\/\",\"name\":\"Peoplesphere\",\"description\":\"The People Managers Magazine\",\"potentialAction\":[{\"@type\":\"SearchAction\",\"target\":{\"@type\":\"EntryPoint\",\"urlTemplate\":\"https:\/\/peoplesphere.be\/nl\/?s={search_term_string}\"},\"query-input\":\"required name=search_term_string\"}],\"inLanguage\":\"nl-NL\"},{\"@type\":\"Person\",\"@id\":\"https:\/\/peoplesphere.be\/nl\/#\/schema\/person\/0a1c21d8893dd9b9a2cd6e068b4e8cf5\",\"name\":\"Jean-Paul Erhard\",\"image\":{\"@type\":\"ImageObject\",\"inLanguage\":\"nl-NL\",\"@id\":\"https:\/\/peoplesphere.be\/nl\/#\/schema\/person\/image\/\",\"url\":\"https:\/\/secure.gravatar.com\/avatar\/f941e681460179738071629a51574930?s=96&d=mm&r=g\",\"contentUrl\":\"https:\/\/secure.gravatar.com\/avatar\/f941e681460179738071629a51574930?s=96&d=mm&r=g\",\"caption\":\"Jean-Paul Erhard\"},\"url\":\"https:\/\/peoplesphere.be\/nl\/author\/jpe\/\"}]}<\/script>\n<!-- \/ Yoast SEO plugin. -->","yoast_head_json":{"title":"Tewerkstelling in Belgische bedrijven voor het eerst hoger dan v\u00f3\u00f3r corona. - Peoplesphere","robots":{"index":"index","follow":"follow","max-snippet":"max-snippet:-1","max-image-preview":"max-image-preview:large","max-video-preview":"max-video-preview:-1"},"canonical":"https:\/\/peoplesphere.be\/nl\/tewerkstelling-belgische-bedrijven-eerst-hoger-dan-corona\/","og_locale":"nl_NL","og_type":"article","og_title":"Tewerkstelling in Belgische bedrijven voor het eerst hoger dan v\u00f3\u00f3r corona. - Peoplesphere","og_description":"De tewerkstelling in Belgi\u00eb piekt voor het eerst boven het niveau van v\u00f3\u00f3r corona. Eind 2021 waren er 1,3% meer werknemers met een contract van bepaalde of onbepaalde duur in vergelijking met 2019. Vooral de horeca heeft een sterke remonte [&hellip;]","og_url":"https:\/\/peoplesphere.be\/nl\/tewerkstelling-belgische-bedrijven-eerst-hoger-dan-corona\/","og_site_name":"Peoplesphere","article_publisher":"https:\/\/www.facebook.com\/peoplesphere","article_published_time":"2022-03-20T10:27:49+00:00","og_image":[{"url":"http:\/\/www.peoplesphere.be\/nl\/wp-content\/uploads\/2016\/07\/facebook-default-posting-1200x628px.jpg"}],"author":"Jean-Paul Erhard","twitter_card":"summary_large_image","twitter_creator":"@PeoplesphereMag","twitter_site":"@PeoplesphereMag","twitter_misc":{"Geschreven door":"Jean-Paul Erhard","Geschatte leestijd":"3 minuten"},"schema":{"@context":"https:\/\/schema.org","@graph":[{"@type":"WebPage","@id":"https:\/\/peoplesphere.be\/nl\/tewerkstelling-belgische-bedrijven-eerst-hoger-dan-corona\/","url":"https:\/\/peoplesphere.be\/nl\/tewerkstelling-belgische-bedrijven-eerst-hoger-dan-corona\/","name":"Tewerkstelling in Belgische bedrijven voor het eerst hoger dan v\u00f3\u00f3r corona. - Peoplesphere","isPartOf":{"@id":"https:\/\/peoplesphere.be\/nl\/#website"},"datePublished":"2022-03-20T10:27:49+00:00","dateModified":"2022-03-20T10:27:49+00:00","author":{"@id":"https:\/\/peoplesphere.be\/nl\/#\/schema\/person\/0a1c21d8893dd9b9a2cd6e068b4e8cf5"},"breadcrumb":{"@id":"https:\/\/peoplesphere.be\/nl\/tewerkstelling-belgische-bedrijven-eerst-hoger-dan-corona\/#breadcrumb"},"inLanguage":"nl-NL","potentialAction":[{"@type":"ReadAction","target":["https:\/\/peoplesphere.be\/nl\/tewerkstelling-belgische-bedrijven-eerst-hoger-dan-corona\/"]}]},{"@type":"BreadcrumbList","@id":"https:\/\/peoplesphere.be\/nl\/tewerkstelling-belgische-bedrijven-eerst-hoger-dan-corona\/#breadcrumb","itemListElement":[{"@type":"ListItem","position":1,"name":"Accueil","item":"https:\/\/peoplesphere.be\/nl\/"},{"@type":"ListItem","position":2,"name":"Tewerkstelling in Belgische bedrijven voor het eerst hoger dan v\u00f3\u00f3r corona."}]},{"@type":"WebSite","@id":"https:\/\/peoplesphere.be\/nl\/#website","url":"https:\/\/peoplesphere.be\/nl\/","name":"Peoplesphere","description":"The People Managers Magazine","potentialAction":[{"@type":"SearchAction","target":{"@type":"EntryPoint","urlTemplate":"https:\/\/peoplesphere.be\/nl\/?s={search_term_string}"},"query-input":"required name=search_term_string"}],"inLanguage":"nl-NL"},{"@type":"Person","@id":"https:\/\/peoplesphere.be\/nl\/#\/schema\/person\/0a1c21d8893dd9b9a2cd6e068b4e8cf5","name":"Jean-Paul Erhard","image":{"@type":"ImageObject","inLanguage":"nl-NL","@id":"https:\/\/peoplesphere.be\/nl\/#\/schema\/person\/image\/","url":"https:\/\/secure.gravatar.com\/avatar\/f941e681460179738071629a51574930?s=96&d=mm&r=g","contentUrl":"https:\/\/secure.gravatar.com\/avatar\/f941e681460179738071629a51574930?s=96&d=mm&r=g","caption":"Jean-Paul Erhard"},"url":"https:\/\/peoplesphere.be\/nl\/author\/jpe\/"}]}},"_links":{"self":[{"href":"https:\/\/peoplesphere.be\/nl\/wp-json\/wp\/v2\/posts\/8817"}],"collection":[{"href":"https:\/\/peoplesphere.be\/nl\/wp-json\/wp\/v2\/posts"}],"about":[{"href":"https:\/\/peoplesphere.be\/nl\/wp-json\/wp\/v2\/types\/post"}],"author":[{"embeddable":true,"href":"https:\/\/peoplesphere.be\/nl\/wp-json\/wp\/v2\/users\/3"}],"replies":[{"embeddable":true,"href":"https:\/\/peoplesphere.be\/nl\/wp-json\/wp\/v2\/comments?post=8817"}],"version-history":[{"count":1,"href":"https:\/\/peoplesphere.be\/nl\/wp-json\/wp\/v2\/posts\/8817\/revisions"}],"predecessor-version":[{"id":8818,"href":"https:\/\/peoplesphere.be\/nl\/wp-json\/wp\/v2\/posts\/8817\/revisions\/8818"}],"wp:attachment":[{"href":"https:\/\/peoplesphere.be\/nl\/wp-json\/wp\/v2\/media?parent=8817"}],"wp:term":[{"taxonomy":"category","embeddable":true,"href":"https:\/\/peoplesphere.be\/nl\/wp-json\/wp\/v2\/categories?post=8817"},{"taxonomy":"post_tag","embeddable":true,"href":"https:\/\/peoplesphere.be\/nl\/wp-json\/wp\/v2\/tags?post=8817"}],"curies":[{"name":"wp","href":"https:\/\/api.w.org\/{rel}","templated":true}]}}