











{"id":9501,"date":"2022-10-02T10:06:43","date_gmt":"2022-10-02T09:06:43","guid":{"rendered":"https:\/\/peoplesphere.be\/nl\/?p=9501"},"modified":"2022-10-02T10:06:43","modified_gmt":"2022-10-02T09:06:43","slug":"daling-werkgelegenheid-overwogen-groeivertraging-kmos-betekent-minder-personeel-vierde-kwartaal","status":"publish","type":"post","link":"https:\/\/peoplesphere.be\/nl\/daling-werkgelegenheid-overwogen-groeivertraging-kmos-betekent-minder-personeel-vierde-kwartaal\/","title":{"rendered":"Daling van de werkgelegenheid overwogen: groeivertraging bij kmo\u2019s betekent minder personeel in vierde kwartaal."},"content":{"rendered":"<p>De aanwervingsplannen van kmo\u2019s (tot 250 werknemers) dalen voor de tweede keer op rij, terwijl de plannen voor ontslag stijgen. Tussen oktober en eind december van dit jaar wil 31% van de Belgische kmo\u2019s personeel aanwerven, terwijl dit in juni nog 38% was, wat ook al een terugval was na het recordpercentage van 43% in maart. <!--more--><\/p>\n<p>De daling is het sterkst in Vlaanderen, in de dienstensector en bij de kleine kmo\u2019s (5-19 werknemers). De grotere kmo\u2019s en kmo\u2019s in Brussel passen hun aanwervingsplannen minder significant aan. De ontslagintenties zijn opnieuw gestegen tot \u00e9\u00e9n op zes kmo\u2019s (16,6%). Dit zijn de eerste inzichten op basis van een bevraging bij 573 kmo-bedrijfsleiders en personeelsverantwoordelijken naar hun tewerkstellingsplannen van het vierde kwartaal.<\/p>\n<p>De trend zet zich verder: minder aanwervingen, minder werkvooruitzichten en meer ontslag. Annelies Rottiers, strategisch adviseur kmo bij SD Worx waarschuwt: <em>\u201cDit is een bevestiging van de groeivertraging. We zien een dalend aantal kmo\u2019s met rekruteringsplannen en een stijgend aantal kmo\u2019s die een ontslag voorzien, nl. \u00e9\u00e9n op zes (16,6%). De ontslagplannen zitten op hetzelfde niveau als in het begin van de coronacrisis. Gemiddeld wil nu minder dan \u00e9\u00e9n op vijf kmo\u2019s (18%) de ontslagen medewerker vervangen. V\u00f3\u00f3r corona voorzag \u00e9\u00e9n op twee kmo\u2019s vervanging.\u201d De specialist vervolgt: \u201cDit is een signaal dat kmo\u2019s mogelijk minder arbeidskrachten nodig hebben. De vooruitzichten qua werkvolume zijn opnieuw minder positief. Er is een serieuze stijging van kmo\u2019s die minder werkvolume verwachten (28% i.p.v. 17%) en er zijn minder kmo\u2019s die een toename van het werk voorzien (25% i.p.v. 31%). Brusselse kmo\u2019s zijn minder pessimistisch over het werkvolume.\u201d<\/em><\/p>\n<p><strong><em>Redenen voor ontslag<\/em><\/strong><\/p>\n<p><em>\u201cBelgische kmo\u2019s zetten in op kostenbesparingen, maar het zijn vooral de stijgende loonkosten die hen nu dwingen ontslag te overwegen, al spelen ook de stijgende energie- of grondstofkosten, naargelang sector. De meerderheid kan deze loonstijgingen niet doorrekenen. Dit alles heeft een negatieve impact op de tewerkstellingsvooruitzichten.\u201d<\/em><\/p>\n<p>&nbsp;<\/p>\n<p><em>Bron: SD Worx sept. 22 &#8211; In de driemaandelijkse tewerkstellingsprognose van SD Worx zijn voor de 50e keer een voor Belgi\u00eb representatief aantal kmo&#8217;s bevraagd naar hun verwachtingen over tewerkstelling. Hieraan namen 573 bedrijven van 1 &#8211; 250 werknemers deel tussen 8 en 20 september. Het betreft een online bevraging van de kmo\u2019s in Belgi\u00eb aan de hand van een representatieve steekproef waarbij het onderzoeksbureau CityD-WES de respondenten via e-mail aanspreekt. De studie wordt ieder kwartaal herhaald. Er wordt gewogen volgens regio en organisatiegrootte in functie van de populatie van kmo\u2019s. De resultaten zijn representatief voor alle kmo\u2019s in Belgi\u00eb. De weging is doorgaans kleiner dan 3. Voor de volledige steekproef bedraagt de foutenmarge 4.0% (betrouwbaarheidsinterval van 95%).<\/em><\/p>\n","protected":false},"excerpt":{"rendered":"<p>De aanwervingsplannen van kmo\u2019s (tot 250 werknemers) dalen voor de tweede keer op rij, terwijl de plannen voor ontslag stijgen. Tussen oktober en eind december van dit jaar wil 31% van de Belgische kmo\u2019s personeel aanwerven, terwijl dit in juni [&hellip;]<\/p>\n","protected":false},"author":3,"featured_media":0,"comment_status":"open","ping_status":"open","sticky":false,"template":"","format":"standard","meta":[],"categories":[3,4],"tags":[1190,3398,3399,216,35],"yoast_head":"<!-- This site is optimized with the Yoast SEO plugin v20.12 - https:\/\/yoast.com\/wordpress\/plugins\/seo\/ -->\n<title>Daling van de werkgelegenheid overwogen: groeivertraging bij kmo\u2019s betekent minder personeel in vierde kwartaal. - Peoplesphere<\/title>\n<meta name=\"robots\" content=\"index, follow, max-snippet:-1, max-image-preview:large, max-video-preview:-1\" \/>\n<link rel=\"canonical\" href=\"https:\/\/peoplesphere.be\/nl\/daling-werkgelegenheid-overwogen-groeivertraging-kmos-betekent-minder-personeel-vierde-kwartaal\/\" \/>\n<meta property=\"og:locale\" content=\"nl_NL\" \/>\n<meta property=\"og:type\" content=\"article\" \/>\n<meta property=\"og:title\" content=\"Daling van de werkgelegenheid overwogen: groeivertraging bij kmo\u2019s betekent minder personeel in vierde kwartaal. - Peoplesphere\" \/>\n<meta property=\"og:description\" content=\"De aanwervingsplannen van kmo\u2019s (tot 250 werknemers) dalen voor de tweede keer op rij, terwijl de plannen voor ontslag stijgen. Tussen oktober en eind december van dit jaar wil 31% van de Belgische kmo\u2019s personeel aanwerven, terwijl dit in juni [&hellip;]\" \/>\n<meta property=\"og:url\" content=\"https:\/\/peoplesphere.be\/nl\/daling-werkgelegenheid-overwogen-groeivertraging-kmos-betekent-minder-personeel-vierde-kwartaal\/\" \/>\n<meta property=\"og:site_name\" content=\"Peoplesphere\" \/>\n<meta property=\"article:publisher\" content=\"https:\/\/www.facebook.com\/peoplesphere\" \/>\n<meta property=\"article:published_time\" content=\"2022-10-02T09:06:43+00:00\" \/>\n<meta property=\"og:image\" content=\"http:\/\/www.peoplesphere.be\/nl\/wp-content\/uploads\/2016\/07\/facebook-default-posting-1200x628px.jpg\" \/>\n<meta name=\"author\" content=\"Jean-Paul Erhard\" \/>\n<meta name=\"twitter:card\" content=\"summary_large_image\" \/>\n<meta name=\"twitter:creator\" content=\"@PeoplesphereMag\" \/>\n<meta name=\"twitter:site\" content=\"@PeoplesphereMag\" \/>\n<meta name=\"twitter:label1\" content=\"Geschreven door\" \/>\n\t<meta name=\"twitter:data1\" content=\"Jean-Paul Erhard\" \/>\n\t<meta name=\"twitter:label2\" content=\"Geschatte leestijd\" \/>\n\t<meta name=\"twitter:data2\" content=\"2 minuten\" \/>\n<script type=\"application\/ld+json\" class=\"yoast-schema-graph\">{\"@context\":\"https:\/\/schema.org\",\"@graph\":[{\"@type\":\"WebPage\",\"@id\":\"https:\/\/peoplesphere.be\/nl\/daling-werkgelegenheid-overwogen-groeivertraging-kmos-betekent-minder-personeel-vierde-kwartaal\/\",\"url\":\"https:\/\/peoplesphere.be\/nl\/daling-werkgelegenheid-overwogen-groeivertraging-kmos-betekent-minder-personeel-vierde-kwartaal\/\",\"name\":\"Daling van de werkgelegenheid overwogen: groeivertraging bij kmo\u2019s betekent minder personeel in vierde kwartaal. - Peoplesphere\",\"isPartOf\":{\"@id\":\"https:\/\/peoplesphere.be\/nl\/#website\"},\"datePublished\":\"2022-10-02T09:06:43+00:00\",\"dateModified\":\"2022-10-02T09:06:43+00:00\",\"author\":{\"@id\":\"https:\/\/peoplesphere.be\/nl\/#\/schema\/person\/0a1c21d8893dd9b9a2cd6e068b4e8cf5\"},\"breadcrumb\":{\"@id\":\"https:\/\/peoplesphere.be\/nl\/daling-werkgelegenheid-overwogen-groeivertraging-kmos-betekent-minder-personeel-vierde-kwartaal\/#breadcrumb\"},\"inLanguage\":\"nl-NL\",\"potentialAction\":[{\"@type\":\"ReadAction\",\"target\":[\"https:\/\/peoplesphere.be\/nl\/daling-werkgelegenheid-overwogen-groeivertraging-kmos-betekent-minder-personeel-vierde-kwartaal\/\"]}]},{\"@type\":\"BreadcrumbList\",\"@id\":\"https:\/\/peoplesphere.be\/nl\/daling-werkgelegenheid-overwogen-groeivertraging-kmos-betekent-minder-personeel-vierde-kwartaal\/#breadcrumb\",\"itemListElement\":[{\"@type\":\"ListItem\",\"position\":1,\"name\":\"Accueil\",\"item\":\"https:\/\/peoplesphere.be\/nl\/\"},{\"@type\":\"ListItem\",\"position\":2,\"name\":\"Daling van de werkgelegenheid overwogen: groeivertraging bij kmo\u2019s betekent minder personeel in vierde kwartaal.\"}]},{\"@type\":\"WebSite\",\"@id\":\"https:\/\/peoplesphere.be\/nl\/#website\",\"url\":\"https:\/\/peoplesphere.be\/nl\/\",\"name\":\"Peoplesphere\",\"description\":\"The People Managers Magazine\",\"potentialAction\":[{\"@type\":\"SearchAction\",\"target\":{\"@type\":\"EntryPoint\",\"urlTemplate\":\"https:\/\/peoplesphere.be\/nl\/?s={search_term_string}\"},\"query-input\":\"required name=search_term_string\"}],\"inLanguage\":\"nl-NL\"},{\"@type\":\"Person\",\"@id\":\"https:\/\/peoplesphere.be\/nl\/#\/schema\/person\/0a1c21d8893dd9b9a2cd6e068b4e8cf5\",\"name\":\"Jean-Paul Erhard\",\"image\":{\"@type\":\"ImageObject\",\"inLanguage\":\"nl-NL\",\"@id\":\"https:\/\/peoplesphere.be\/nl\/#\/schema\/person\/image\/\",\"url\":\"https:\/\/secure.gravatar.com\/avatar\/f941e681460179738071629a51574930?s=96&d=mm&r=g\",\"contentUrl\":\"https:\/\/secure.gravatar.com\/avatar\/f941e681460179738071629a51574930?s=96&d=mm&r=g\",\"caption\":\"Jean-Paul Erhard\"},\"url\":\"https:\/\/peoplesphere.be\/nl\/author\/jpe\/\"}]}<\/script>\n<!-- \/ Yoast SEO plugin. -->","yoast_head_json":{"title":"Daling van de werkgelegenheid overwogen: groeivertraging bij kmo\u2019s betekent minder personeel in vierde kwartaal. - Peoplesphere","robots":{"index":"index","follow":"follow","max-snippet":"max-snippet:-1","max-image-preview":"max-image-preview:large","max-video-preview":"max-video-preview:-1"},"canonical":"https:\/\/peoplesphere.be\/nl\/daling-werkgelegenheid-overwogen-groeivertraging-kmos-betekent-minder-personeel-vierde-kwartaal\/","og_locale":"nl_NL","og_type":"article","og_title":"Daling van de werkgelegenheid overwogen: groeivertraging bij kmo\u2019s betekent minder personeel in vierde kwartaal. - Peoplesphere","og_description":"De aanwervingsplannen van kmo\u2019s (tot 250 werknemers) dalen voor de tweede keer op rij, terwijl de plannen voor ontslag stijgen. Tussen oktober en eind december van dit jaar wil 31% van de Belgische kmo\u2019s personeel aanwerven, terwijl dit in juni [&hellip;]","og_url":"https:\/\/peoplesphere.be\/nl\/daling-werkgelegenheid-overwogen-groeivertraging-kmos-betekent-minder-personeel-vierde-kwartaal\/","og_site_name":"Peoplesphere","article_publisher":"https:\/\/www.facebook.com\/peoplesphere","article_published_time":"2022-10-02T09:06:43+00:00","og_image":[{"url":"http:\/\/www.peoplesphere.be\/nl\/wp-content\/uploads\/2016\/07\/facebook-default-posting-1200x628px.jpg"}],"author":"Jean-Paul Erhard","twitter_card":"summary_large_image","twitter_creator":"@PeoplesphereMag","twitter_site":"@PeoplesphereMag","twitter_misc":{"Geschreven door":"Jean-Paul Erhard","Geschatte leestijd":"2 minuten"},"schema":{"@context":"https:\/\/schema.org","@graph":[{"@type":"WebPage","@id":"https:\/\/peoplesphere.be\/nl\/daling-werkgelegenheid-overwogen-groeivertraging-kmos-betekent-minder-personeel-vierde-kwartaal\/","url":"https:\/\/peoplesphere.be\/nl\/daling-werkgelegenheid-overwogen-groeivertraging-kmos-betekent-minder-personeel-vierde-kwartaal\/","name":"Daling van de werkgelegenheid overwogen: groeivertraging bij kmo\u2019s betekent minder personeel in vierde kwartaal. - Peoplesphere","isPartOf":{"@id":"https:\/\/peoplesphere.be\/nl\/#website"},"datePublished":"2022-10-02T09:06:43+00:00","dateModified":"2022-10-02T09:06:43+00:00","author":{"@id":"https:\/\/peoplesphere.be\/nl\/#\/schema\/person\/0a1c21d8893dd9b9a2cd6e068b4e8cf5"},"breadcrumb":{"@id":"https:\/\/peoplesphere.be\/nl\/daling-werkgelegenheid-overwogen-groeivertraging-kmos-betekent-minder-personeel-vierde-kwartaal\/#breadcrumb"},"inLanguage":"nl-NL","potentialAction":[{"@type":"ReadAction","target":["https:\/\/peoplesphere.be\/nl\/daling-werkgelegenheid-overwogen-groeivertraging-kmos-betekent-minder-personeel-vierde-kwartaal\/"]}]},{"@type":"BreadcrumbList","@id":"https:\/\/peoplesphere.be\/nl\/daling-werkgelegenheid-overwogen-groeivertraging-kmos-betekent-minder-personeel-vierde-kwartaal\/#breadcrumb","itemListElement":[{"@type":"ListItem","position":1,"name":"Accueil","item":"https:\/\/peoplesphere.be\/nl\/"},{"@type":"ListItem","position":2,"name":"Daling van de werkgelegenheid overwogen: groeivertraging bij kmo\u2019s betekent minder personeel in vierde kwartaal."}]},{"@type":"WebSite","@id":"https:\/\/peoplesphere.be\/nl\/#website","url":"https:\/\/peoplesphere.be\/nl\/","name":"Peoplesphere","description":"The People Managers Magazine","potentialAction":[{"@type":"SearchAction","target":{"@type":"EntryPoint","urlTemplate":"https:\/\/peoplesphere.be\/nl\/?s={search_term_string}"},"query-input":"required name=search_term_string"}],"inLanguage":"nl-NL"},{"@type":"Person","@id":"https:\/\/peoplesphere.be\/nl\/#\/schema\/person\/0a1c21d8893dd9b9a2cd6e068b4e8cf5","name":"Jean-Paul Erhard","image":{"@type":"ImageObject","inLanguage":"nl-NL","@id":"https:\/\/peoplesphere.be\/nl\/#\/schema\/person\/image\/","url":"https:\/\/secure.gravatar.com\/avatar\/f941e681460179738071629a51574930?s=96&d=mm&r=g","contentUrl":"https:\/\/secure.gravatar.com\/avatar\/f941e681460179738071629a51574930?s=96&d=mm&r=g","caption":"Jean-Paul Erhard"},"url":"https:\/\/peoplesphere.be\/nl\/author\/jpe\/"}]}},"_links":{"self":[{"href":"https:\/\/peoplesphere.be\/nl\/wp-json\/wp\/v2\/posts\/9501"}],"collection":[{"href":"https:\/\/peoplesphere.be\/nl\/wp-json\/wp\/v2\/posts"}],"about":[{"href":"https:\/\/peoplesphere.be\/nl\/wp-json\/wp\/v2\/types\/post"}],"author":[{"embeddable":true,"href":"https:\/\/peoplesphere.be\/nl\/wp-json\/wp\/v2\/users\/3"}],"replies":[{"embeddable":true,"href":"https:\/\/peoplesphere.be\/nl\/wp-json\/wp\/v2\/comments?post=9501"}],"version-history":[{"count":1,"href":"https:\/\/peoplesphere.be\/nl\/wp-json\/wp\/v2\/posts\/9501\/revisions"}],"predecessor-version":[{"id":9502,"href":"https:\/\/peoplesphere.be\/nl\/wp-json\/wp\/v2\/posts\/9501\/revisions\/9502"}],"wp:attachment":[{"href":"https:\/\/peoplesphere.be\/nl\/wp-json\/wp\/v2\/media?parent=9501"}],"wp:term":[{"taxonomy":"category","embeddable":true,"href":"https:\/\/peoplesphere.be\/nl\/wp-json\/wp\/v2\/categories?post=9501"},{"taxonomy":"post_tag","embeddable":true,"href":"https:\/\/peoplesphere.be\/nl\/wp-json\/wp\/v2\/tags?post=9501"}],"curies":[{"name":"wp","href":"https:\/\/api.w.org\/{rel}","templated":true}]}}