











{"id":9662,"date":"2022-11-21T10:07:09","date_gmt":"2022-11-21T09:07:09","guid":{"rendered":"https:\/\/peoplesphere.be\/nl\/?p=9662"},"modified":"2022-11-21T10:07:09","modified_gmt":"2022-11-21T09:07:09","slug":"helft-belgische-bedrijven-beschouwt-diversiteit-als-bedrijfsbrede-prioriteit-mist-strategische-aanpak-en-data","status":"publish","type":"post","link":"https:\/\/peoplesphere.be\/nl\/helft-belgische-bedrijven-beschouwt-diversiteit-als-bedrijfsbrede-prioriteit-mist-strategische-aanpak-en-data\/","title":{"rendered":"Helft van Belgische bedrijven beschouwt diversiteit als een bedrijfsbrede prioriteit, maar mist een strategische aanpak en data."},"content":{"rendered":"<p>43% van de Belgische bedrijven beschouwt diversiteit als een bedrijfsbrede prioriteit. Dat blijkt uit het jaarlijks internationaal onderzoek van enterprise softwareleverancier Workday naar diversiteit, gelijkheid en inclusie (DEI) op de wereldwijde werkvloer. In Belgi\u00eb maken drie op de vier organisaties budget vrij voor DEI-functies en initiatieven, zowel met het oog op het welzijn van medewerkers als om de organisatie positief te positioneren en zo nieuw talent aan te trekken. Helaas ontbreekt het hen aan de nodige strategie en data om de effecten en de zakelijke impact van deze DEI-inspanningen te sturen en te valoriseren.<!--more--><\/p>\n<p>Diversiteit staat bij veel organisaties bovenaan de agenda, zowel voor het belang van medewerkers als uit eigen belang. De precieze resultaten en de impact van nieuwe DEI-gerelateerde functies of initiatieven blijken echter onvoldoende gedocumenteerd. Daardoor is het moeilijk om de effecten van deze inspanningen te meten en meerwaarde te cre\u00ebren. Dat blijkt uit het jaarlijkse grootschalige onderzoek van Workday, de toonaangevende leverancier van enterprise cloudapplicaties voor finance en human resources. 3.100 hr-professionals en bedrijfsleiders uit 23 landen, waaronder 100 in Belgi\u00eb, werden in augustus en september 2022 bevraagd door Sapio Research.<\/p>\n<p><strong><em>Diversiteit als prioriteit<\/em><\/strong><\/p>\n<p>75% van de Belgische hr-professionals en bedrijfsleiders geeft aan dat ze een intern budget hebben voor DEI-initiatieven, en voor 43% van de respondenten is DEI een prioriteit binnen de hele organisatie. Uit het onderzoek blijkt dat ondanks het huidige economische klimaat, de meerderheid van de Belgische respondenten (63%) een toename rapporteert van het aantal specifieke DEI-rollen binnen hun organisatie en dat investeringen voor DEI-initiatieven in het volgende boekjaar zullen toenemen (41%) of in ieder geval gelijk zullen blijven (40%).<\/p>\n<p>De voorbije twee jaar werden nieuwe initiatieven genomen om onder meer te beantwoorden aan de noden van medewerkers met kinderen (37%), medewerkers met een mobiele beperking (34%), mantelzorgers (28%) en neurodiverse medewerkers (24%). De voornaamste motivaties om daarin te investeren zijn om het welzijn van medewerkers te verbeteren (45%), diversiteit bij medewerkers te promoten en te verhogen (39%), nieuw talent aan te trekken (38%) en de organisatie positief in de kijker te zetten (38%).<\/p>\n<p><strong><em>Nood aan strategie en data<\/em><\/strong><\/p>\n<p>In Belgi\u00eb geeft 38% van de respondenten echter aan dat er geen strategische aanpak is om DEI-initiatieven te implementeren. Een van de andere belangrijke redenen voor het ontbreken van die strategische aanpak ligt bij data en rapportages over DEI-activiteiten: slechts 30% van alle respondenten meet de zakelijke impact en waarde van DEI-initiatieven. 64% merkt daarnaast op dat het bijhouden van voortgang een uitdaging is, waarvoor nieuwe systemen en software nodig zijn om de DEI-strategie en -implementatie volledig te kunnen ondersteunen.<\/p>\n<p><em>\u201cSinds ons onderzoek in 2021 zijn veel organisaties begonnen aan hun eigen unieke DEI-traject, maar werknemers verwachten in toenemende mate een sterkere focus op blijvende verandering\u201d<\/em>, weet Dorien Roes, Country Manager Belux bij Workday. <em>\u201cUit ons onderzoek blijkt dat een duidelijke visie op en strategie voor DEI, aangestuurd door toegewijde en betrokken leiders uit de hele organisatie, het vermogen van een bedrijf vergroot om meer bewustzijn voor DEI te cre\u00ebren en de omarming en verantwoordelijkheid hiervoor te stimuleren binnen de organisatie. Technologie is een krachtig hulpmiddel om niet alleen inzicht te krijgen in de verschillende groepen in het personeelsbestand, maar ook om te begrijpen hoe een DEI-strategie bedrijfsresultaten kan opleveren. Die data zullen cruciaal zijn om van deze strategie een meerwaarde te maken, zowel voor medewerkers als voor de organisatie zelf.\u201d<\/em><\/p>\n<p>&nbsp;<\/p>\n<p><em>Bron: de studie werd uitgevoerd door Sapio Research en Workday bij meer dan 3.100 HR-professionals en leidinggevenden met invloed op DEI in hun organisaties in 23 landen: Australi\u00eb, Oostenrijk, Belgi\u00eb, Canada, Denemarken, Finland, Frankrijk, Duitsland, Hongkong, Ierland, Itali\u00eb, Japan, Korea, Nederland, Nieuw-Zeeland, Noorwegen, Singapore, Spanje, Zuid-Afrika, Zweden, Zwitserland, het VK en de VS.<br \/>\nDe interviews werden in augustus en september 2022 online afgenomen door Sapio Research aan de hand van een e-mailuitnodiging en een online enqu\u00eate.<br \/>\nDe analyse van het onderzoek werd ondersteund door EW Group. EW Group is een in Londen gevestigd adviesbureau met meer dan 28 jaar expertise op het gebied van gelijkheid, diversiteit en inclusie, dat samenwerkt met bedrijven in het Verenigd Koninkrijk, Europa en daarbuiten.<\/em><\/p>\n","protected":false},"excerpt":{"rendered":"<p>43% van de Belgische bedrijven beschouwt diversiteit als een bedrijfsbrede prioriteit. Dat blijkt uit het jaarlijks internationaal onderzoek van enterprise softwareleverancier Workday naar diversiteit, gelijkheid en inclusie (DEI) op de wereldwijde werkvloer. In Belgi\u00eb maken drie op de vier organisaties [&hellip;]<\/p>\n","protected":false},"author":3,"featured_media":0,"comment_status":"open","ping_status":"open","sticky":false,"template":"","format":"standard","meta":[],"categories":[3,4],"tags":[3442,87,1081],"yoast_head":"<!-- This site is optimized with the Yoast SEO plugin v20.12 - https:\/\/yoast.com\/wordpress\/plugins\/seo\/ -->\n<title>Helft van Belgische bedrijven beschouwt diversiteit als een bedrijfsbrede prioriteit, maar mist een strategische aanpak en data. - Peoplesphere<\/title>\n<meta name=\"robots\" content=\"index, follow, max-snippet:-1, max-image-preview:large, max-video-preview:-1\" \/>\n<link rel=\"canonical\" href=\"https:\/\/peoplesphere.be\/nl\/helft-belgische-bedrijven-beschouwt-diversiteit-als-bedrijfsbrede-prioriteit-mist-strategische-aanpak-en-data\/\" \/>\n<meta property=\"og:locale\" content=\"nl_NL\" \/>\n<meta property=\"og:type\" content=\"article\" \/>\n<meta property=\"og:title\" content=\"Helft van Belgische bedrijven beschouwt diversiteit als een bedrijfsbrede prioriteit, maar mist een strategische aanpak en data. - Peoplesphere\" \/>\n<meta property=\"og:description\" content=\"43% van de Belgische bedrijven beschouwt diversiteit als een bedrijfsbrede prioriteit. Dat blijkt uit het jaarlijks internationaal onderzoek van enterprise softwareleverancier Workday naar diversiteit, gelijkheid en inclusie (DEI) op de wereldwijde werkvloer. In Belgi\u00eb maken drie op de vier organisaties [&hellip;]\" \/>\n<meta property=\"og:url\" content=\"https:\/\/peoplesphere.be\/nl\/helft-belgische-bedrijven-beschouwt-diversiteit-als-bedrijfsbrede-prioriteit-mist-strategische-aanpak-en-data\/\" \/>\n<meta property=\"og:site_name\" content=\"Peoplesphere\" \/>\n<meta property=\"article:publisher\" content=\"https:\/\/www.facebook.com\/peoplesphere\" \/>\n<meta property=\"article:published_time\" content=\"2022-11-21T09:07:09+00:00\" \/>\n<meta property=\"og:image\" content=\"http:\/\/www.peoplesphere.be\/nl\/wp-content\/uploads\/2016\/07\/facebook-default-posting-1200x628px.jpg\" \/>\n<meta name=\"author\" content=\"Jean-Paul Erhard\" \/>\n<meta name=\"twitter:card\" content=\"summary_large_image\" \/>\n<meta name=\"twitter:creator\" content=\"@PeoplesphereMag\" \/>\n<meta name=\"twitter:site\" content=\"@PeoplesphereMag\" \/>\n<meta name=\"twitter:label1\" content=\"Geschreven door\" \/>\n\t<meta name=\"twitter:data1\" content=\"Jean-Paul Erhard\" \/>\n\t<meta name=\"twitter:label2\" content=\"Geschatte leestijd\" \/>\n\t<meta name=\"twitter:data2\" content=\"3 minuten\" \/>\n<script type=\"application\/ld+json\" class=\"yoast-schema-graph\">{\"@context\":\"https:\/\/schema.org\",\"@graph\":[{\"@type\":\"WebPage\",\"@id\":\"https:\/\/peoplesphere.be\/nl\/helft-belgische-bedrijven-beschouwt-diversiteit-als-bedrijfsbrede-prioriteit-mist-strategische-aanpak-en-data\/\",\"url\":\"https:\/\/peoplesphere.be\/nl\/helft-belgische-bedrijven-beschouwt-diversiteit-als-bedrijfsbrede-prioriteit-mist-strategische-aanpak-en-data\/\",\"name\":\"Helft van Belgische bedrijven beschouwt diversiteit als een bedrijfsbrede prioriteit, maar mist een strategische aanpak en data. - Peoplesphere\",\"isPartOf\":{\"@id\":\"https:\/\/peoplesphere.be\/nl\/#website\"},\"datePublished\":\"2022-11-21T09:07:09+00:00\",\"dateModified\":\"2022-11-21T09:07:09+00:00\",\"author\":{\"@id\":\"https:\/\/peoplesphere.be\/nl\/#\/schema\/person\/0a1c21d8893dd9b9a2cd6e068b4e8cf5\"},\"breadcrumb\":{\"@id\":\"https:\/\/peoplesphere.be\/nl\/helft-belgische-bedrijven-beschouwt-diversiteit-als-bedrijfsbrede-prioriteit-mist-strategische-aanpak-en-data\/#breadcrumb\"},\"inLanguage\":\"nl-NL\",\"potentialAction\":[{\"@type\":\"ReadAction\",\"target\":[\"https:\/\/peoplesphere.be\/nl\/helft-belgische-bedrijven-beschouwt-diversiteit-als-bedrijfsbrede-prioriteit-mist-strategische-aanpak-en-data\/\"]}]},{\"@type\":\"BreadcrumbList\",\"@id\":\"https:\/\/peoplesphere.be\/nl\/helft-belgische-bedrijven-beschouwt-diversiteit-als-bedrijfsbrede-prioriteit-mist-strategische-aanpak-en-data\/#breadcrumb\",\"itemListElement\":[{\"@type\":\"ListItem\",\"position\":1,\"name\":\"Accueil\",\"item\":\"https:\/\/peoplesphere.be\/nl\/\"},{\"@type\":\"ListItem\",\"position\":2,\"name\":\"Helft van Belgische bedrijven beschouwt diversiteit als een bedrijfsbrede prioriteit, maar mist een strategische aanpak en data.\"}]},{\"@type\":\"WebSite\",\"@id\":\"https:\/\/peoplesphere.be\/nl\/#website\",\"url\":\"https:\/\/peoplesphere.be\/nl\/\",\"name\":\"Peoplesphere\",\"description\":\"The People Managers Magazine\",\"potentialAction\":[{\"@type\":\"SearchAction\",\"target\":{\"@type\":\"EntryPoint\",\"urlTemplate\":\"https:\/\/peoplesphere.be\/nl\/?s={search_term_string}\"},\"query-input\":\"required name=search_term_string\"}],\"inLanguage\":\"nl-NL\"},{\"@type\":\"Person\",\"@id\":\"https:\/\/peoplesphere.be\/nl\/#\/schema\/person\/0a1c21d8893dd9b9a2cd6e068b4e8cf5\",\"name\":\"Jean-Paul Erhard\",\"image\":{\"@type\":\"ImageObject\",\"inLanguage\":\"nl-NL\",\"@id\":\"https:\/\/peoplesphere.be\/nl\/#\/schema\/person\/image\/\",\"url\":\"https:\/\/secure.gravatar.com\/avatar\/f941e681460179738071629a51574930?s=96&d=mm&r=g\",\"contentUrl\":\"https:\/\/secure.gravatar.com\/avatar\/f941e681460179738071629a51574930?s=96&d=mm&r=g\",\"caption\":\"Jean-Paul Erhard\"},\"url\":\"https:\/\/peoplesphere.be\/nl\/author\/jpe\/\"}]}<\/script>\n<!-- \/ Yoast SEO plugin. -->","yoast_head_json":{"title":"Helft van Belgische bedrijven beschouwt diversiteit als een bedrijfsbrede prioriteit, maar mist een strategische aanpak en data. - Peoplesphere","robots":{"index":"index","follow":"follow","max-snippet":"max-snippet:-1","max-image-preview":"max-image-preview:large","max-video-preview":"max-video-preview:-1"},"canonical":"https:\/\/peoplesphere.be\/nl\/helft-belgische-bedrijven-beschouwt-diversiteit-als-bedrijfsbrede-prioriteit-mist-strategische-aanpak-en-data\/","og_locale":"nl_NL","og_type":"article","og_title":"Helft van Belgische bedrijven beschouwt diversiteit als een bedrijfsbrede prioriteit, maar mist een strategische aanpak en data. - Peoplesphere","og_description":"43% van de Belgische bedrijven beschouwt diversiteit als een bedrijfsbrede prioriteit. Dat blijkt uit het jaarlijks internationaal onderzoek van enterprise softwareleverancier Workday naar diversiteit, gelijkheid en inclusie (DEI) op de wereldwijde werkvloer. In Belgi\u00eb maken drie op de vier organisaties [&hellip;]","og_url":"https:\/\/peoplesphere.be\/nl\/helft-belgische-bedrijven-beschouwt-diversiteit-als-bedrijfsbrede-prioriteit-mist-strategische-aanpak-en-data\/","og_site_name":"Peoplesphere","article_publisher":"https:\/\/www.facebook.com\/peoplesphere","article_published_time":"2022-11-21T09:07:09+00:00","og_image":[{"url":"http:\/\/www.peoplesphere.be\/nl\/wp-content\/uploads\/2016\/07\/facebook-default-posting-1200x628px.jpg"}],"author":"Jean-Paul Erhard","twitter_card":"summary_large_image","twitter_creator":"@PeoplesphereMag","twitter_site":"@PeoplesphereMag","twitter_misc":{"Geschreven door":"Jean-Paul Erhard","Geschatte leestijd":"3 minuten"},"schema":{"@context":"https:\/\/schema.org","@graph":[{"@type":"WebPage","@id":"https:\/\/peoplesphere.be\/nl\/helft-belgische-bedrijven-beschouwt-diversiteit-als-bedrijfsbrede-prioriteit-mist-strategische-aanpak-en-data\/","url":"https:\/\/peoplesphere.be\/nl\/helft-belgische-bedrijven-beschouwt-diversiteit-als-bedrijfsbrede-prioriteit-mist-strategische-aanpak-en-data\/","name":"Helft van Belgische bedrijven beschouwt diversiteit als een bedrijfsbrede prioriteit, maar mist een strategische aanpak en data. - Peoplesphere","isPartOf":{"@id":"https:\/\/peoplesphere.be\/nl\/#website"},"datePublished":"2022-11-21T09:07:09+00:00","dateModified":"2022-11-21T09:07:09+00:00","author":{"@id":"https:\/\/peoplesphere.be\/nl\/#\/schema\/person\/0a1c21d8893dd9b9a2cd6e068b4e8cf5"},"breadcrumb":{"@id":"https:\/\/peoplesphere.be\/nl\/helft-belgische-bedrijven-beschouwt-diversiteit-als-bedrijfsbrede-prioriteit-mist-strategische-aanpak-en-data\/#breadcrumb"},"inLanguage":"nl-NL","potentialAction":[{"@type":"ReadAction","target":["https:\/\/peoplesphere.be\/nl\/helft-belgische-bedrijven-beschouwt-diversiteit-als-bedrijfsbrede-prioriteit-mist-strategische-aanpak-en-data\/"]}]},{"@type":"BreadcrumbList","@id":"https:\/\/peoplesphere.be\/nl\/helft-belgische-bedrijven-beschouwt-diversiteit-als-bedrijfsbrede-prioriteit-mist-strategische-aanpak-en-data\/#breadcrumb","itemListElement":[{"@type":"ListItem","position":1,"name":"Accueil","item":"https:\/\/peoplesphere.be\/nl\/"},{"@type":"ListItem","position":2,"name":"Helft van Belgische bedrijven beschouwt diversiteit als een bedrijfsbrede prioriteit, maar mist een strategische aanpak en data."}]},{"@type":"WebSite","@id":"https:\/\/peoplesphere.be\/nl\/#website","url":"https:\/\/peoplesphere.be\/nl\/","name":"Peoplesphere","description":"The People Managers Magazine","potentialAction":[{"@type":"SearchAction","target":{"@type":"EntryPoint","urlTemplate":"https:\/\/peoplesphere.be\/nl\/?s={search_term_string}"},"query-input":"required name=search_term_string"}],"inLanguage":"nl-NL"},{"@type":"Person","@id":"https:\/\/peoplesphere.be\/nl\/#\/schema\/person\/0a1c21d8893dd9b9a2cd6e068b4e8cf5","name":"Jean-Paul Erhard","image":{"@type":"ImageObject","inLanguage":"nl-NL","@id":"https:\/\/peoplesphere.be\/nl\/#\/schema\/person\/image\/","url":"https:\/\/secure.gravatar.com\/avatar\/f941e681460179738071629a51574930?s=96&d=mm&r=g","contentUrl":"https:\/\/secure.gravatar.com\/avatar\/f941e681460179738071629a51574930?s=96&d=mm&r=g","caption":"Jean-Paul Erhard"},"url":"https:\/\/peoplesphere.be\/nl\/author\/jpe\/"}]}},"_links":{"self":[{"href":"https:\/\/peoplesphere.be\/nl\/wp-json\/wp\/v2\/posts\/9662"}],"collection":[{"href":"https:\/\/peoplesphere.be\/nl\/wp-json\/wp\/v2\/posts"}],"about":[{"href":"https:\/\/peoplesphere.be\/nl\/wp-json\/wp\/v2\/types\/post"}],"author":[{"embeddable":true,"href":"https:\/\/peoplesphere.be\/nl\/wp-json\/wp\/v2\/users\/3"}],"replies":[{"embeddable":true,"href":"https:\/\/peoplesphere.be\/nl\/wp-json\/wp\/v2\/comments?post=9662"}],"version-history":[{"count":1,"href":"https:\/\/peoplesphere.be\/nl\/wp-json\/wp\/v2\/posts\/9662\/revisions"}],"predecessor-version":[{"id":9663,"href":"https:\/\/peoplesphere.be\/nl\/wp-json\/wp\/v2\/posts\/9662\/revisions\/9663"}],"wp:attachment":[{"href":"https:\/\/peoplesphere.be\/nl\/wp-json\/wp\/v2\/media?parent=9662"}],"wp:term":[{"taxonomy":"category","embeddable":true,"href":"https:\/\/peoplesphere.be\/nl\/wp-json\/wp\/v2\/categories?post=9662"},{"taxonomy":"post_tag","embeddable":true,"href":"https:\/\/peoplesphere.be\/nl\/wp-json\/wp\/v2\/tags?post=9662"}],"curies":[{"name":"wp","href":"https:\/\/api.w.org\/{rel}","templated":true}]}}