











{"id":9886,"date":"2023-01-31T06:47:14","date_gmt":"2023-01-31T05:47:14","guid":{"rendered":"https:\/\/peoplesphere.be\/nl\/?p=9886"},"modified":"2023-01-31T06:47:14","modified_gmt":"2023-01-31T05:47:14","slug":"bijna-7-op-10-jongeren-uitgeput-aan-eind-werkdag-work-life-balance-nu-belangrijker-dan-goed-loon","status":"publish","type":"post","link":"https:\/\/peoplesphere.be\/nl\/bijna-7-op-10-jongeren-uitgeput-aan-eind-werkdag-work-life-balance-nu-belangrijker-dan-goed-loon\/","title":{"rendered":"Bijna 7 op de 10 jongeren uitgeput aan het eind van de werkdag: work-life balance nu belangrijker dan goed loon."},"content":{"rendered":"<p>Een betere balans tussen werk en priv\u00e9 is vandaag d\u00e9 prioriteit voor de werkende Belg en primeert zelfs op goede verdiensten. Want hoewel de meesten hun baan best leuk vinden (7 op 10), blijft een te hoge werkdruk een aandachtspunt, zo blijkt uit een bevraging van uitzendspecialist Vivaldis Interim bij 1.000 werkende Belgen. Liefst 4 op de 10 Belgen geven aan zich moeilijk te kunnen ontspannen aan het eind van de werkdag. Bij jongeren is dat zelfs meer dan de helft (53%) en 67% voelt zich op dat moment ook uitgeput.<!--more--><\/p>\n<p>Experte in stressmanagement en veerkracht, Elke Van Hoof: <em>\u201cIn deze snel veranderende maatschappij is het van fundamenteel belang om te leren balanceren. Deze cijfers tonen aan dat we dit (nog) niet meester zijn. Vooral jongeren hebben het daar moeilijk mee, omdat ze vaardigheden als nuanceren nog niet ontwikkeld hebben.\u201d<\/em><\/p>\n<p>De meest opmerkelijke resultaten uit de enqu\u00eate van Vivaldis Interim bij 1.000 werkende Belgen:<\/p>\n<ul>\n<li>De Belg wil momenteel vooral een goed evenwicht tussen werk en priv\u00e9 en vindt dat belangrijker dan een goed loon.<\/li>\n<li>De Belg vindt zijn job best leuk en geeft zijn baan een gemiddelde score van 7\/10.<\/li>\n<li>De Belg geeft zijn stressniveau gemiddeld een 6\/10. 4 op 10 hebben tijd nodig om te bekomen van hun werkdag. Vooral bij de jongere, werkende Gen Z\u2019ers blijkt dit een grote uitdaging (53%) en liefst 67% onder hen voelt zich ook uitgeput na het werk.<\/li>\n<li>Belgen denken dat het stressniveau (34%) en de werkdruk (41%) nog zullen toenemen in de loop van dit jaar.<\/li>\n<\/ul>\n<p><strong><em>Wat zijn de professionele prioriteiten van de Belg? <\/em><\/strong><\/p>\n<p>Met stip op \u00e9\u00e9n staat een goed evenwicht tussen werk en priv\u00e9 (72% in de top 3), gevolgd door werkzekerheid (67% in de top 3), vrije tijd (50% in de top 3) en goede verdiensten (44% in de top 3). 43% van de Belgen wil het wat rustiger aan gaan doen op het werk, versus 20% die dan net weer een tandje willen bijsteken.<\/p>\n<p>Elke Van Hoof: <em>\u201cEr heeft zich een duidelijke trend afgetekend op onze arbeidsmarkt waarbij werknemers niet meer over hun eigen grenzen willen gaan. Eerst de \u2018NV IK\u2019 en dan pas het werk. Daarmee proberen ze zichzelf te beschermen tegen overbelasting, maar de keerzijde van de medaille is dat het de veerkracht binnen een organisatie nog verder uitholt. Het is belangrijk dat bedrijven zich daar bewust van zijn \u00e9n dat ze leren om hun medewerkers veerkracht te helpen opbouwen. Dit kan door co-creatie en team effort proactief uit te bouwen. Als ze daar niet op inzetten, lopen ze het risico dat werknemers bij het eerste betere bod vertrekken.\u201d<\/em><\/p>\n<p>Ook de Belg heeft de trend opgemerkt en verwacht dat deze zich nog verder zal doortrekken. Zo denkt 23% van de bevraagden dat het engagement om iets extra\u2019s te doen onder de medewerkers nog zal afnemen (versus 15% meer). Ook de bereidheid om overuren te presteren zou volgens 29% van de Belgen dalen (versus 15% meer), alsook de bereidheid om mails\/oproepen te beantwoorden buiten de werkuren (versus 12% meer). Anderzijds verwacht een vijfde van de bevraagden wel dat de wil om meer verantwoordelijkheden op te nemen zal groeien (versus 19% minder). Opnieuw een vijfde verwacht ook dat de collegialiteit en de samenwerking erop vooruit zullen gaan (versus 12% minder).<\/p>\n<p><strong><em>TGIM of maandagblues?<\/em><\/strong><\/p>\n<p>Doorgaans vindt de Belg zijn huidige baan best leuk. We geven onze job gemiddeld een 7 op 10. Nagenoeg 4 op de 10 Belgen plant dan ook geen enkele professionele verandering voor het komende jaar. 16% wil meer opleidingen gaan volgen in het kader van zijn huidige job en 10% mikt op een promotie. Slechts 13% wil op zoek naar een nieuwe baan in 2023.<\/p>\n<p>De Belg heeft ook niet bijzonder veel last van de maandagblues. Een nieuwe werkweek starten geven we een \u2018moeilijkheidsgraad\u2019 van 5\/10. Degenen die het lastig hebben op maandagmorgen geven aan dat dat vooral ligt aan het feit dat ze gewoon liever vrij zouden zijn (30%). De overige redenen zijn toenemende vereisten die met de job gepaard gaan (24%), een gebrek aan waardering (19%) en het gevoel overwerkt te zijn (18%).<\/p>\n<p><strong><em>Vooral jongeren hebben het moeilijk om het werk los te laten<\/em><\/strong><\/p>\n<p>De Belg geeft zijn eigen werkstress gemiddeld zo\u2019n 6\/10 en 34% verwacht dat het stressniveau in de loop van 2023 verder zal toenemen. 4 op de 10 Belgen (41%) voorzien ook dat de werkdruk zal toenemen (versus 8% minder).<\/p>\n<p>49% van de bevraagden beseft dat ze moeten opletten niet in \u2018overdrive\u2019 te gaan op het werk. 31% probeert dan ook regelmatig korte pauzes in te lassen. 21% van de werkende Belgen geeft op tijd aan wanneer het allemaal wat veel wordt en nog eens 21% vermijdt overuren.<\/p>\n<p>De wapens tegen werkstress zoeken we ook vaak buiten de werkuren. Zo probeert 44% zich vooral goed te ontspannen in de vrije tijd en te deconnecteren door geen mails te lezen (26%) of telefoons te beantwoorden (22%) buiten de werkuren. Maar het werk \u2018afsluiten\u2019 blijkt niet altijd even eenvoudig. Zo geven liefst 4 op de 10 Belgen aan dat ze het moeilijk vinden om zich te ontspannen aan het eind van een werkdag. 43% heeft meer dan een uur nodig om te bekomen na het werk. Opvallend is dat dit vooral een uitdaging is voor de jongere werknemers (18-26 jaar) waarvan liefst 64% extra tijd nodig heeft om zijn werkdag achter zich te kunnen laten. Meer dan de helft van de Belgen geeft (54%) geeft aan dat ze zich uitgeput voelen aan het eind van de dag. Ook hier heeft de jongste generatie het het moeilijkst met 67%.<\/p>\n<p>Elke Van Hoof: <em>\u201cDe Belg is honkvast. En dat is prima wanneer het goed gaat, maar wanneer de veerkracht afneemt, kan dit de wendbaarheid van een organisatie danig verstoren. Uit deze bevraging blijkt opnieuw dat de Belg zijn grenzen steeds meer wil afbakenen om zich te wapenen tegen overbelasting. Maar dat blijkt moeilijk. Onze werknemers moeten opnieuw veerkracht leren opbouwen. Vooral jongeren, omdat ze dat nooit geleerd hebben. En daar zit voor veel bedrijven een stevige uitdaging. Velen proberen de nieuwe polycrisis op te vangen met de recepten van voor de pandemie. En die dekken vandaag de lading niet meer. Bedrijven moeten hun medewerkers echt bij de hand nemen en een flexibel systeem van \u2018learning on the job\u2019 integreren. De bedrijven die dat voor mekaar krijgen, hebben echt een streepje voor op de arbeidsmarkt.\u201d<\/em><br \/>\n<em><br \/>\n<\/em><\/p>\n<p><em>Bron: Vivaldis Interim<\/em><\/p>\n","protected":false},"excerpt":{"rendered":"<p>Een betere balans tussen werk en priv\u00e9 is vandaag d\u00e9 prioriteit voor de werkende Belg en primeert zelfs op goede verdiensten. Want hoewel de meesten hun baan best leuk vinden (7 op 10), blijft een te hoge werkdruk een aandachtspunt, [&hellip;]<\/p>\n","protected":false},"author":3,"featured_media":9887,"comment_status":"open","ping_status":"open","sticky":false,"template":"","format":"standard","meta":[],"categories":[3,4],"tags":[470,107,379,64,63],"yoast_head":"<!-- This site is optimized with the Yoast SEO plugin v20.12 - https:\/\/yoast.com\/wordpress\/plugins\/seo\/ -->\n<title>Bijna 7 op de 10 jongeren uitgeput aan het eind van de werkdag: work-life balance nu belangrijker dan goed loon. - Peoplesphere<\/title>\n<meta name=\"robots\" content=\"index, follow, max-snippet:-1, max-image-preview:large, max-video-preview:-1\" \/>\n<link rel=\"canonical\" href=\"https:\/\/peoplesphere.be\/nl\/bijna-7-op-10-jongeren-uitgeput-aan-eind-werkdag-work-life-balance-nu-belangrijker-dan-goed-loon\/\" \/>\n<meta property=\"og:locale\" content=\"nl_NL\" \/>\n<meta property=\"og:type\" content=\"article\" \/>\n<meta property=\"og:title\" content=\"Bijna 7 op de 10 jongeren uitgeput aan het eind van de werkdag: work-life balance nu belangrijker dan goed loon. - Peoplesphere\" \/>\n<meta property=\"og:description\" content=\"Een betere balans tussen werk en priv\u00e9 is vandaag d\u00e9 prioriteit voor de werkende Belg en primeert zelfs op goede verdiensten. Want hoewel de meesten hun baan best leuk vinden (7 op 10), blijft een te hoge werkdruk een aandachtspunt, [&hellip;]\" \/>\n<meta property=\"og:url\" content=\"https:\/\/peoplesphere.be\/nl\/bijna-7-op-10-jongeren-uitgeput-aan-eind-werkdag-work-life-balance-nu-belangrijker-dan-goed-loon\/\" \/>\n<meta property=\"og:site_name\" content=\"Peoplesphere\" \/>\n<meta property=\"article:publisher\" content=\"https:\/\/www.facebook.com\/peoplesphere\" \/>\n<meta property=\"article:published_time\" content=\"2023-01-31T05:47:14+00:00\" \/>\n<meta property=\"og:image\" content=\"https:\/\/peoplesphere.be\/nl\/wp-content\/uploads\/2023\/01\/20230131exhausted.jpg\" \/>\n\t<meta property=\"og:image:width\" content=\"800\" \/>\n\t<meta property=\"og:image:height\" content=\"416\" \/>\n\t<meta property=\"og:image:type\" content=\"image\/jpeg\" \/>\n<meta name=\"author\" content=\"Jean-Paul Erhard\" \/>\n<meta name=\"twitter:card\" content=\"summary_large_image\" \/>\n<meta name=\"twitter:creator\" content=\"@PeoplesphereMag\" \/>\n<meta name=\"twitter:site\" content=\"@PeoplesphereMag\" \/>\n<meta name=\"twitter:label1\" content=\"Geschreven door\" \/>\n\t<meta name=\"twitter:data1\" content=\"Jean-Paul Erhard\" \/>\n\t<meta name=\"twitter:label2\" content=\"Geschatte leestijd\" \/>\n\t<meta name=\"twitter:data2\" content=\"5 minuten\" \/>\n<script type=\"application\/ld+json\" class=\"yoast-schema-graph\">{\"@context\":\"https:\/\/schema.org\",\"@graph\":[{\"@type\":\"WebPage\",\"@id\":\"https:\/\/peoplesphere.be\/nl\/bijna-7-op-10-jongeren-uitgeput-aan-eind-werkdag-work-life-balance-nu-belangrijker-dan-goed-loon\/\",\"url\":\"https:\/\/peoplesphere.be\/nl\/bijna-7-op-10-jongeren-uitgeput-aan-eind-werkdag-work-life-balance-nu-belangrijker-dan-goed-loon\/\",\"name\":\"Bijna 7 op de 10 jongeren uitgeput aan het eind van de werkdag: work-life balance nu belangrijker dan goed loon. - Peoplesphere\",\"isPartOf\":{\"@id\":\"https:\/\/peoplesphere.be\/nl\/#website\"},\"datePublished\":\"2023-01-31T05:47:14+00:00\",\"dateModified\":\"2023-01-31T05:47:14+00:00\",\"author\":{\"@id\":\"https:\/\/peoplesphere.be\/nl\/#\/schema\/person\/0a1c21d8893dd9b9a2cd6e068b4e8cf5\"},\"breadcrumb\":{\"@id\":\"https:\/\/peoplesphere.be\/nl\/bijna-7-op-10-jongeren-uitgeput-aan-eind-werkdag-work-life-balance-nu-belangrijker-dan-goed-loon\/#breadcrumb\"},\"inLanguage\":\"nl-NL\",\"potentialAction\":[{\"@type\":\"ReadAction\",\"target\":[\"https:\/\/peoplesphere.be\/nl\/bijna-7-op-10-jongeren-uitgeput-aan-eind-werkdag-work-life-balance-nu-belangrijker-dan-goed-loon\/\"]}]},{\"@type\":\"BreadcrumbList\",\"@id\":\"https:\/\/peoplesphere.be\/nl\/bijna-7-op-10-jongeren-uitgeput-aan-eind-werkdag-work-life-balance-nu-belangrijker-dan-goed-loon\/#breadcrumb\",\"itemListElement\":[{\"@type\":\"ListItem\",\"position\":1,\"name\":\"Accueil\",\"item\":\"https:\/\/peoplesphere.be\/nl\/\"},{\"@type\":\"ListItem\",\"position\":2,\"name\":\"Bijna 7 op de 10 jongeren uitgeput aan het eind van de werkdag: work-life balance nu belangrijker dan goed loon.\"}]},{\"@type\":\"WebSite\",\"@id\":\"https:\/\/peoplesphere.be\/nl\/#website\",\"url\":\"https:\/\/peoplesphere.be\/nl\/\",\"name\":\"Peoplesphere\",\"description\":\"The People Managers Magazine\",\"potentialAction\":[{\"@type\":\"SearchAction\",\"target\":{\"@type\":\"EntryPoint\",\"urlTemplate\":\"https:\/\/peoplesphere.be\/nl\/?s={search_term_string}\"},\"query-input\":\"required name=search_term_string\"}],\"inLanguage\":\"nl-NL\"},{\"@type\":\"Person\",\"@id\":\"https:\/\/peoplesphere.be\/nl\/#\/schema\/person\/0a1c21d8893dd9b9a2cd6e068b4e8cf5\",\"name\":\"Jean-Paul Erhard\",\"image\":{\"@type\":\"ImageObject\",\"inLanguage\":\"nl-NL\",\"@id\":\"https:\/\/peoplesphere.be\/nl\/#\/schema\/person\/image\/\",\"url\":\"https:\/\/secure.gravatar.com\/avatar\/f941e681460179738071629a51574930?s=96&d=mm&r=g\",\"contentUrl\":\"https:\/\/secure.gravatar.com\/avatar\/f941e681460179738071629a51574930?s=96&d=mm&r=g\",\"caption\":\"Jean-Paul Erhard\"},\"url\":\"https:\/\/peoplesphere.be\/nl\/author\/jpe\/\"}]}<\/script>\n<!-- \/ Yoast SEO plugin. -->","yoast_head_json":{"title":"Bijna 7 op de 10 jongeren uitgeput aan het eind van de werkdag: work-life balance nu belangrijker dan goed loon. - Peoplesphere","robots":{"index":"index","follow":"follow","max-snippet":"max-snippet:-1","max-image-preview":"max-image-preview:large","max-video-preview":"max-video-preview:-1"},"canonical":"https:\/\/peoplesphere.be\/nl\/bijna-7-op-10-jongeren-uitgeput-aan-eind-werkdag-work-life-balance-nu-belangrijker-dan-goed-loon\/","og_locale":"nl_NL","og_type":"article","og_title":"Bijna 7 op de 10 jongeren uitgeput aan het eind van de werkdag: work-life balance nu belangrijker dan goed loon. - Peoplesphere","og_description":"Een betere balans tussen werk en priv\u00e9 is vandaag d\u00e9 prioriteit voor de werkende Belg en primeert zelfs op goede verdiensten. Want hoewel de meesten hun baan best leuk vinden (7 op 10), blijft een te hoge werkdruk een aandachtspunt, [&hellip;]","og_url":"https:\/\/peoplesphere.be\/nl\/bijna-7-op-10-jongeren-uitgeput-aan-eind-werkdag-work-life-balance-nu-belangrijker-dan-goed-loon\/","og_site_name":"Peoplesphere","article_publisher":"https:\/\/www.facebook.com\/peoplesphere","article_published_time":"2023-01-31T05:47:14+00:00","og_image":[{"width":800,"height":416,"url":"https:\/\/peoplesphere.be\/nl\/wp-content\/uploads\/2023\/01\/20230131exhausted.jpg","type":"image\/jpeg"}],"author":"Jean-Paul Erhard","twitter_card":"summary_large_image","twitter_creator":"@PeoplesphereMag","twitter_site":"@PeoplesphereMag","twitter_misc":{"Geschreven door":"Jean-Paul Erhard","Geschatte leestijd":"5 minuten"},"schema":{"@context":"https:\/\/schema.org","@graph":[{"@type":"WebPage","@id":"https:\/\/peoplesphere.be\/nl\/bijna-7-op-10-jongeren-uitgeput-aan-eind-werkdag-work-life-balance-nu-belangrijker-dan-goed-loon\/","url":"https:\/\/peoplesphere.be\/nl\/bijna-7-op-10-jongeren-uitgeput-aan-eind-werkdag-work-life-balance-nu-belangrijker-dan-goed-loon\/","name":"Bijna 7 op de 10 jongeren uitgeput aan het eind van de werkdag: work-life balance nu belangrijker dan goed loon. - Peoplesphere","isPartOf":{"@id":"https:\/\/peoplesphere.be\/nl\/#website"},"datePublished":"2023-01-31T05:47:14+00:00","dateModified":"2023-01-31T05:47:14+00:00","author":{"@id":"https:\/\/peoplesphere.be\/nl\/#\/schema\/person\/0a1c21d8893dd9b9a2cd6e068b4e8cf5"},"breadcrumb":{"@id":"https:\/\/peoplesphere.be\/nl\/bijna-7-op-10-jongeren-uitgeput-aan-eind-werkdag-work-life-balance-nu-belangrijker-dan-goed-loon\/#breadcrumb"},"inLanguage":"nl-NL","potentialAction":[{"@type":"ReadAction","target":["https:\/\/peoplesphere.be\/nl\/bijna-7-op-10-jongeren-uitgeput-aan-eind-werkdag-work-life-balance-nu-belangrijker-dan-goed-loon\/"]}]},{"@type":"BreadcrumbList","@id":"https:\/\/peoplesphere.be\/nl\/bijna-7-op-10-jongeren-uitgeput-aan-eind-werkdag-work-life-balance-nu-belangrijker-dan-goed-loon\/#breadcrumb","itemListElement":[{"@type":"ListItem","position":1,"name":"Accueil","item":"https:\/\/peoplesphere.be\/nl\/"},{"@type":"ListItem","position":2,"name":"Bijna 7 op de 10 jongeren uitgeput aan het eind van de werkdag: work-life balance nu belangrijker dan goed loon."}]},{"@type":"WebSite","@id":"https:\/\/peoplesphere.be\/nl\/#website","url":"https:\/\/peoplesphere.be\/nl\/","name":"Peoplesphere","description":"The People Managers Magazine","potentialAction":[{"@type":"SearchAction","target":{"@type":"EntryPoint","urlTemplate":"https:\/\/peoplesphere.be\/nl\/?s={search_term_string}"},"query-input":"required name=search_term_string"}],"inLanguage":"nl-NL"},{"@type":"Person","@id":"https:\/\/peoplesphere.be\/nl\/#\/schema\/person\/0a1c21d8893dd9b9a2cd6e068b4e8cf5","name":"Jean-Paul Erhard","image":{"@type":"ImageObject","inLanguage":"nl-NL","@id":"https:\/\/peoplesphere.be\/nl\/#\/schema\/person\/image\/","url":"https:\/\/secure.gravatar.com\/avatar\/f941e681460179738071629a51574930?s=96&d=mm&r=g","contentUrl":"https:\/\/secure.gravatar.com\/avatar\/f941e681460179738071629a51574930?s=96&d=mm&r=g","caption":"Jean-Paul Erhard"},"url":"https:\/\/peoplesphere.be\/nl\/author\/jpe\/"}]}},"_links":{"self":[{"href":"https:\/\/peoplesphere.be\/nl\/wp-json\/wp\/v2\/posts\/9886"}],"collection":[{"href":"https:\/\/peoplesphere.be\/nl\/wp-json\/wp\/v2\/posts"}],"about":[{"href":"https:\/\/peoplesphere.be\/nl\/wp-json\/wp\/v2\/types\/post"}],"author":[{"embeddable":true,"href":"https:\/\/peoplesphere.be\/nl\/wp-json\/wp\/v2\/users\/3"}],"replies":[{"embeddable":true,"href":"https:\/\/peoplesphere.be\/nl\/wp-json\/wp\/v2\/comments?post=9886"}],"version-history":[{"count":1,"href":"https:\/\/peoplesphere.be\/nl\/wp-json\/wp\/v2\/posts\/9886\/revisions"}],"predecessor-version":[{"id":9888,"href":"https:\/\/peoplesphere.be\/nl\/wp-json\/wp\/v2\/posts\/9886\/revisions\/9888"}],"wp:featuredmedia":[{"embeddable":true,"href":"https:\/\/peoplesphere.be\/nl\/wp-json\/wp\/v2\/media\/9887"}],"wp:attachment":[{"href":"https:\/\/peoplesphere.be\/nl\/wp-json\/wp\/v2\/media?parent=9886"}],"wp:term":[{"taxonomy":"category","embeddable":true,"href":"https:\/\/peoplesphere.be\/nl\/wp-json\/wp\/v2\/categories?post=9886"},{"taxonomy":"post_tag","embeddable":true,"href":"https:\/\/peoplesphere.be\/nl\/wp-json\/wp\/v2\/tags?post=9886"}],"curies":[{"name":"wp","href":"https:\/\/api.w.org\/{rel}","templated":true}]}}