











{"id":9971,"date":"2023-02-27T05:13:48","date_gmt":"2023-02-27T04:13:48","guid":{"rendered":"https:\/\/peoplesphere.be\/nl\/?p=9971"},"modified":"2023-02-27T05:13:48","modified_gmt":"2023-02-27T04:13:48","slug":"ai-langdurig-ziekteverzuim-op-werkvloer-inperken","status":"publish","type":"post","link":"https:\/\/peoplesphere.be\/nl\/ai-langdurig-ziekteverzuim-op-werkvloer-inperken\/","title":{"rendered":"Kan AI langdurig ziekteverzuim op de werkvloer inperken?"},"content":{"rendered":"<p>De Belgische start-up BloomUp ontwikkelt momenteel een hypergepersonaliseerd mentaal welzijnsplatform, dat dankzij artifici\u00eble intelligentie preventief inzet op de groei en ondersteuning van werknemers. Ze werken hiervoor samen met Omina Technologies. BloomUp wil zo niet alleen absente\u00efsme maar ook presente\u00efsme op de werkvloer aanpakken op een effici\u00ebnte en hoogst persoonlijke manier. Met de hulp van Venture Campus kreeg het daarvoor een ontwikkelingssubsidie van 450.000 euro van de Vlaamse overheid.<!--more--><\/p>\n<p>Het welzijn van werknemers is de grootste uitdaging voor HR-managers in 2023. Sinds 2019 stijgt het stressniveau al gestaag door de toenemende werkdruk en COVID-19 heeft deze trend alleen maar versterkt. Vandaag is meer dan 3,8% van de Belgische werknemers langdurig in ziekteverlof wegens burn-out of stressgerelateerde factoren. Die factoren zijn ook verantwoordelijk voor meer dan een derde van het absente\u00efsme op de werkvloer. Dit ziekteverzuim kost onze samenleving naar schatting zo\u2019n 155 miljoen euro per jaar.<\/p>\n<p><strong><em>Volledig gepersonaliseerde groeitrajecten met behulp van AI<\/em><\/strong><\/p>\n<p>BloomUp wil deze problematiek op een preventieve manier aanpakken, met een doorgedreven uitbreiding van zijn mentaal welzijnsplatform op basis van drie pijlers.<\/p>\n<p>De eerste pijler is de hyperpersonalisatie van de bestaande groeitrajecten met behulp van artifici\u00eble intelligentie. Elke werknemer zal een volledig op maat gemaakt traject krijgen op basis van zijn of haar specifieke noden. De onderwerpen en stappen passen zich bovendien dynamisch aan naargelang het traject vordert en groeien zo mee met de gebruikers. Die behouden trouwens op elk moment de volledige controle &#8211; ook over hun privacy, want bij elke stap kunnen ze kiezen welke data met wie gedeeld mogen worden.<\/p>\n<p><em>\u201cMet BloomUp willen we het meest datagestuurde mentaal welzijnsplatform worden, dat past bij de specifieke behoeften van elke werknemer en met hen mee evolueert naarmate ze het traject doorlopen.\u201d<\/em> &#8211; Clovis Six, co-founder BloomUp.<\/p>\n<p>Een tweede pijler zet in op het verwerven van de juiste inzichten voor HR-managers. De anonieme data die verzameld worden in de dashboards geven managers de juiste inzichten en aanbevelingen over hoe ze beter kunnen inzetten op mentaal welzijn op de werkvloer. Zo leren ze onder meer welke onderwerpen het meest aan bod komen binnen hun organisatie en waar ze dus het best actief over communiceren met hun medewerkers.<\/p>\n<p>Tot slot zal het platform de mogelijkheid bieden de verborgen kosten rond mentaal welzijn binnen een organisatie te voorspellen. HR-managers zullen ook de Return on Investment kunnen berekenen op vlak van absente\u00efsme, presente\u00efsme en turnover na het investeren in mentaal welzijn op de werkvloer. Voor de integratie van AI in het platform werkt BloomUp samen met Omina Technologies, een Belgisch bedrijf gespecialiseerd in privacy-respecterende, ethische en betrouwbare artifici\u00eble intelligentie.<\/p>\n","protected":false},"excerpt":{"rendered":"<p>De Belgische start-up BloomUp ontwikkelt momenteel een hypergepersonaliseerd mentaal welzijnsplatform, dat dankzij artifici\u00eble intelligentie preventief inzet op de groei en ondersteuning van werknemers. Ze werken hiervoor samen met Omina Technologies. BloomUp wil zo niet alleen absente\u00efsme maar ook presente\u00efsme op [&hellip;]<\/p>\n","protected":false},"author":3,"featured_media":9973,"comment_status":"open","ping_status":"open","sticky":false,"template":"","format":"standard","meta":[],"categories":[3,4],"tags":[65,726,107,64,33],"yoast_head":"<!-- This site is optimized with the Yoast SEO plugin v20.12 - https:\/\/yoast.com\/wordpress\/plugins\/seo\/ -->\n<title>Kan AI langdurig ziekteverzuim op de werkvloer inperken? - Peoplesphere<\/title>\n<meta name=\"robots\" content=\"index, follow, max-snippet:-1, max-image-preview:large, max-video-preview:-1\" \/>\n<link rel=\"canonical\" href=\"https:\/\/peoplesphere.be\/nl\/ai-langdurig-ziekteverzuim-op-werkvloer-inperken\/\" \/>\n<meta property=\"og:locale\" content=\"nl_NL\" \/>\n<meta property=\"og:type\" content=\"article\" \/>\n<meta property=\"og:title\" content=\"Kan AI langdurig ziekteverzuim op de werkvloer inperken? - Peoplesphere\" \/>\n<meta property=\"og:description\" content=\"De Belgische start-up BloomUp ontwikkelt momenteel een hypergepersonaliseerd mentaal welzijnsplatform, dat dankzij artifici\u00eble intelligentie preventief inzet op de groei en ondersteuning van werknemers. Ze werken hiervoor samen met Omina Technologies. BloomUp wil zo niet alleen absente\u00efsme maar ook presente\u00efsme op [&hellip;]\" \/>\n<meta property=\"og:url\" content=\"https:\/\/peoplesphere.be\/nl\/ai-langdurig-ziekteverzuim-op-werkvloer-inperken\/\" \/>\n<meta property=\"og:site_name\" content=\"Peoplesphere\" \/>\n<meta property=\"article:publisher\" content=\"https:\/\/www.facebook.com\/peoplesphere\" \/>\n<meta property=\"article:published_time\" content=\"2023-02-27T04:13:48+00:00\" \/>\n<meta property=\"og:image\" content=\"https:\/\/peoplesphere.be\/nl\/wp-content\/uploads\/2023\/02\/20230227blommupIAburnout.jpg\" \/>\n\t<meta property=\"og:image:width\" content=\"1200\" \/>\n\t<meta property=\"og:image:height\" content=\"800\" \/>\n\t<meta property=\"og:image:type\" content=\"image\/jpeg\" \/>\n<meta name=\"author\" content=\"Jean-Paul Erhard\" \/>\n<meta name=\"twitter:card\" content=\"summary_large_image\" \/>\n<meta name=\"twitter:creator\" content=\"@PeoplesphereMag\" \/>\n<meta name=\"twitter:site\" content=\"@PeoplesphereMag\" \/>\n<meta name=\"twitter:label1\" content=\"Geschreven door\" \/>\n\t<meta name=\"twitter:data1\" content=\"Jean-Paul Erhard\" \/>\n\t<meta name=\"twitter:label2\" content=\"Geschatte leestijd\" \/>\n\t<meta name=\"twitter:data2\" content=\"2 minuten\" \/>\n<script type=\"application\/ld+json\" class=\"yoast-schema-graph\">{\"@context\":\"https:\/\/schema.org\",\"@graph\":[{\"@type\":\"WebPage\",\"@id\":\"https:\/\/peoplesphere.be\/nl\/ai-langdurig-ziekteverzuim-op-werkvloer-inperken\/\",\"url\":\"https:\/\/peoplesphere.be\/nl\/ai-langdurig-ziekteverzuim-op-werkvloer-inperken\/\",\"name\":\"Kan AI langdurig ziekteverzuim op de werkvloer inperken? - Peoplesphere\",\"isPartOf\":{\"@id\":\"https:\/\/peoplesphere.be\/nl\/#website\"},\"datePublished\":\"2023-02-27T04:13:48+00:00\",\"dateModified\":\"2023-02-27T04:13:48+00:00\",\"author\":{\"@id\":\"https:\/\/peoplesphere.be\/nl\/#\/schema\/person\/0a1c21d8893dd9b9a2cd6e068b4e8cf5\"},\"breadcrumb\":{\"@id\":\"https:\/\/peoplesphere.be\/nl\/ai-langdurig-ziekteverzuim-op-werkvloer-inperken\/#breadcrumb\"},\"inLanguage\":\"nl-NL\",\"potentialAction\":[{\"@type\":\"ReadAction\",\"target\":[\"https:\/\/peoplesphere.be\/nl\/ai-langdurig-ziekteverzuim-op-werkvloer-inperken\/\"]}]},{\"@type\":\"BreadcrumbList\",\"@id\":\"https:\/\/peoplesphere.be\/nl\/ai-langdurig-ziekteverzuim-op-werkvloer-inperken\/#breadcrumb\",\"itemListElement\":[{\"@type\":\"ListItem\",\"position\":1,\"name\":\"Accueil\",\"item\":\"https:\/\/peoplesphere.be\/nl\/\"},{\"@type\":\"ListItem\",\"position\":2,\"name\":\"Kan AI langdurig ziekteverzuim op de werkvloer inperken?\"}]},{\"@type\":\"WebSite\",\"@id\":\"https:\/\/peoplesphere.be\/nl\/#website\",\"url\":\"https:\/\/peoplesphere.be\/nl\/\",\"name\":\"Peoplesphere\",\"description\":\"The People Managers Magazine\",\"potentialAction\":[{\"@type\":\"SearchAction\",\"target\":{\"@type\":\"EntryPoint\",\"urlTemplate\":\"https:\/\/peoplesphere.be\/nl\/?s={search_term_string}\"},\"query-input\":\"required name=search_term_string\"}],\"inLanguage\":\"nl-NL\"},{\"@type\":\"Person\",\"@id\":\"https:\/\/peoplesphere.be\/nl\/#\/schema\/person\/0a1c21d8893dd9b9a2cd6e068b4e8cf5\",\"name\":\"Jean-Paul Erhard\",\"image\":{\"@type\":\"ImageObject\",\"inLanguage\":\"nl-NL\",\"@id\":\"https:\/\/peoplesphere.be\/nl\/#\/schema\/person\/image\/\",\"url\":\"https:\/\/secure.gravatar.com\/avatar\/f941e681460179738071629a51574930?s=96&d=mm&r=g\",\"contentUrl\":\"https:\/\/secure.gravatar.com\/avatar\/f941e681460179738071629a51574930?s=96&d=mm&r=g\",\"caption\":\"Jean-Paul Erhard\"},\"url\":\"https:\/\/peoplesphere.be\/nl\/author\/jpe\/\"}]}<\/script>\n<!-- \/ Yoast SEO plugin. -->","yoast_head_json":{"title":"Kan AI langdurig ziekteverzuim op de werkvloer inperken? - Peoplesphere","robots":{"index":"index","follow":"follow","max-snippet":"max-snippet:-1","max-image-preview":"max-image-preview:large","max-video-preview":"max-video-preview:-1"},"canonical":"https:\/\/peoplesphere.be\/nl\/ai-langdurig-ziekteverzuim-op-werkvloer-inperken\/","og_locale":"nl_NL","og_type":"article","og_title":"Kan AI langdurig ziekteverzuim op de werkvloer inperken? - Peoplesphere","og_description":"De Belgische start-up BloomUp ontwikkelt momenteel een hypergepersonaliseerd mentaal welzijnsplatform, dat dankzij artifici\u00eble intelligentie preventief inzet op de groei en ondersteuning van werknemers. Ze werken hiervoor samen met Omina Technologies. BloomUp wil zo niet alleen absente\u00efsme maar ook presente\u00efsme op [&hellip;]","og_url":"https:\/\/peoplesphere.be\/nl\/ai-langdurig-ziekteverzuim-op-werkvloer-inperken\/","og_site_name":"Peoplesphere","article_publisher":"https:\/\/www.facebook.com\/peoplesphere","article_published_time":"2023-02-27T04:13:48+00:00","og_image":[{"width":1200,"height":800,"url":"https:\/\/peoplesphere.be\/nl\/wp-content\/uploads\/2023\/02\/20230227blommupIAburnout.jpg","type":"image\/jpeg"}],"author":"Jean-Paul Erhard","twitter_card":"summary_large_image","twitter_creator":"@PeoplesphereMag","twitter_site":"@PeoplesphereMag","twitter_misc":{"Geschreven door":"Jean-Paul Erhard","Geschatte leestijd":"2 minuten"},"schema":{"@context":"https:\/\/schema.org","@graph":[{"@type":"WebPage","@id":"https:\/\/peoplesphere.be\/nl\/ai-langdurig-ziekteverzuim-op-werkvloer-inperken\/","url":"https:\/\/peoplesphere.be\/nl\/ai-langdurig-ziekteverzuim-op-werkvloer-inperken\/","name":"Kan AI langdurig ziekteverzuim op de werkvloer inperken? - Peoplesphere","isPartOf":{"@id":"https:\/\/peoplesphere.be\/nl\/#website"},"datePublished":"2023-02-27T04:13:48+00:00","dateModified":"2023-02-27T04:13:48+00:00","author":{"@id":"https:\/\/peoplesphere.be\/nl\/#\/schema\/person\/0a1c21d8893dd9b9a2cd6e068b4e8cf5"},"breadcrumb":{"@id":"https:\/\/peoplesphere.be\/nl\/ai-langdurig-ziekteverzuim-op-werkvloer-inperken\/#breadcrumb"},"inLanguage":"nl-NL","potentialAction":[{"@type":"ReadAction","target":["https:\/\/peoplesphere.be\/nl\/ai-langdurig-ziekteverzuim-op-werkvloer-inperken\/"]}]},{"@type":"BreadcrumbList","@id":"https:\/\/peoplesphere.be\/nl\/ai-langdurig-ziekteverzuim-op-werkvloer-inperken\/#breadcrumb","itemListElement":[{"@type":"ListItem","position":1,"name":"Accueil","item":"https:\/\/peoplesphere.be\/nl\/"},{"@type":"ListItem","position":2,"name":"Kan AI langdurig ziekteverzuim op de werkvloer inperken?"}]},{"@type":"WebSite","@id":"https:\/\/peoplesphere.be\/nl\/#website","url":"https:\/\/peoplesphere.be\/nl\/","name":"Peoplesphere","description":"The People Managers Magazine","potentialAction":[{"@type":"SearchAction","target":{"@type":"EntryPoint","urlTemplate":"https:\/\/peoplesphere.be\/nl\/?s={search_term_string}"},"query-input":"required name=search_term_string"}],"inLanguage":"nl-NL"},{"@type":"Person","@id":"https:\/\/peoplesphere.be\/nl\/#\/schema\/person\/0a1c21d8893dd9b9a2cd6e068b4e8cf5","name":"Jean-Paul Erhard","image":{"@type":"ImageObject","inLanguage":"nl-NL","@id":"https:\/\/peoplesphere.be\/nl\/#\/schema\/person\/image\/","url":"https:\/\/secure.gravatar.com\/avatar\/f941e681460179738071629a51574930?s=96&d=mm&r=g","contentUrl":"https:\/\/secure.gravatar.com\/avatar\/f941e681460179738071629a51574930?s=96&d=mm&r=g","caption":"Jean-Paul Erhard"},"url":"https:\/\/peoplesphere.be\/nl\/author\/jpe\/"}]}},"_links":{"self":[{"href":"https:\/\/peoplesphere.be\/nl\/wp-json\/wp\/v2\/posts\/9971"}],"collection":[{"href":"https:\/\/peoplesphere.be\/nl\/wp-json\/wp\/v2\/posts"}],"about":[{"href":"https:\/\/peoplesphere.be\/nl\/wp-json\/wp\/v2\/types\/post"}],"author":[{"embeddable":true,"href":"https:\/\/peoplesphere.be\/nl\/wp-json\/wp\/v2\/users\/3"}],"replies":[{"embeddable":true,"href":"https:\/\/peoplesphere.be\/nl\/wp-json\/wp\/v2\/comments?post=9971"}],"version-history":[{"count":1,"href":"https:\/\/peoplesphere.be\/nl\/wp-json\/wp\/v2\/posts\/9971\/revisions"}],"predecessor-version":[{"id":9972,"href":"https:\/\/peoplesphere.be\/nl\/wp-json\/wp\/v2\/posts\/9971\/revisions\/9972"}],"wp:featuredmedia":[{"embeddable":true,"href":"https:\/\/peoplesphere.be\/nl\/wp-json\/wp\/v2\/media\/9973"}],"wp:attachment":[{"href":"https:\/\/peoplesphere.be\/nl\/wp-json\/wp\/v2\/media?parent=9971"}],"wp:term":[{"taxonomy":"category","embeddable":true,"href":"https:\/\/peoplesphere.be\/nl\/wp-json\/wp\/v2\/categories?post=9971"},{"taxonomy":"post_tag","embeddable":true,"href":"https:\/\/peoplesphere.be\/nl\/wp-json\/wp\/v2\/tags?post=9971"}],"curies":[{"name":"wp","href":"https:\/\/api.w.org\/{rel}","templated":true}]}}